{"id":867,"date":"2026-03-12T22:00:54","date_gmt":"2026-03-12T19:00:54","guid":{"rendered":"https:\/\/thesubscriber.net\/tr\/?p=867"},"modified":"2026-03-12T22:00:54","modified_gmt":"2026-03-12T19:00:54","slug":"m6-macbook-pro-beklenen-6-yeni-ozellik","status":"publish","type":"post","link":"https:\/\/thesubscriber.net\/tr\/m6-macbook-pro-beklenen-6-yeni-ozellik\/","title":{"rendered":"M6 MacBook Pro i\u00e7in beklenen 6 yeni \u00f6zellik"},"content":{"rendered":"\n<p>Apple\u2019\u0131n bu y\u0131l\u0131n ilerleyen d\u00f6nemlerinde M6 MacBook Pro modelini tan\u0131tmas\u0131 bekleniyor. Ortaya \u00e7\u0131kan son iddialar, yeni modelin yaln\u0131zca i\u015flemci g\u00fcncellemesiyle s\u0131n\u0131rl\u0131 kalmayaca\u011f\u0131n\u0131 g\u00f6steriyor. <\/p>\n\n\n\n<p>Daha ince g\u00f6vde, OLED ekran, dokunmatik kullan\u0131m deste\u011fi ve h\u00fccresel ba\u011flant\u0131 ihtimali gibi ba\u015fl\u0131klar, yeni neslin \u00f6nemli de\u011fi\u015fikliklerle gelece\u011fine i\u015faret ediyor.<\/p>\n\n\n\n<h2 class=\"wp-block-heading\" id=\"h-m6-macbook-pro-uzun-suredir-gorulen-en-kapsamli-yeniliklerden-birini-getirebilir\">M6 MacBook Pro, uzun s\u00fcredir g\u00f6r\u00fclen en kapsaml\u0131 yeniliklerden birini getirebilir<\/h2>\n\n\n\n<p>MacBook Pro tasar\u0131m\u0131 en son 2021 y\u0131l\u0131nda yenilenmi\u015fti. Yeni bilgilere g\u00f6re Apple, bu y\u0131l gelecek M6 MacBook Pro ile kasay\u0131 ba\u015ftan a\u015fa\u011f\u0131 de\u011fi\u015ftirmeye haz\u0131rlan\u0131yor. Bloomberg\u2019in aktard\u0131\u011f\u0131na g\u00f6re cihaz, mevcut modele k\u0131yasla daha ince ve daha hafif bir yap\u0131yla gelecek. <\/p>\n\n\n\n<figure class=\"wp-block-image size-large\"><img loading=\"lazy\" decoding=\"async\" width=\"1024\" height=\"576\" src=\"https:\/\/thesubscriber.net\/tr\/wp-content\/uploads\/sites\/2\/2026\/03\/M6-MacBook-Pro-1-1024x576.webp\" alt=\"\" class=\"wp-image-869\" srcset=\"https:\/\/thesubscriber.net\/tr\/wp-content\/uploads\/sites\/2\/2026\/03\/M6-MacBook-Pro-1-1024x576.webp 1024w, https:\/\/thesubscriber.net\/tr\/wp-content\/uploads\/sites\/2\/2026\/03\/M6-MacBook-Pro-1-300x169.webp 300w, https:\/\/thesubscriber.net\/tr\/wp-content\/uploads\/sites\/2\/2026\/03\/M6-MacBook-Pro-1-768x432.webp 768w, https:\/\/thesubscriber.net\/tr\/wp-content\/uploads\/sites\/2\/2026\/03\/M6-MacBook-Pro-1-696x392.webp 696w, https:\/\/thesubscriber.net\/tr\/wp-content\/uploads\/sites\/2\/2026\/03\/M6-MacBook-Pro-1-1068x601.webp 1068w, https:\/\/thesubscriber.net\/tr\/wp-content\/uploads\/sites\/2\/2026\/03\/M6-MacBook-Pro-1.webp 1280w\" sizes=\"auto, (max-width: 1024px) 100vw, 1024px\" \/><\/figure>\n\n\n\n<p>Ba\u011flant\u0131 noktalar\u0131n\u0131n bu de\u011fi\u015fimden etkilenip etkilenmeyece\u011fi hen\u00fcz bilinmiyor. Yine de Apple\u2019\u0131n 2021 \u00f6ncesindeki tart\u0131\u015fmal\u0131 ince kasa yakla\u015f\u0131m\u0131n\u0131 ayn\u0131 \u015fekilde tekrarlamas\u0131 beklenmiyor. Yeni g\u00f6vdenin, yo\u011fun y\u00fck alt\u0131nda yeterli so\u011futmay\u0131 koruyacak kal\u0131nl\u0131kta olmas\u0131 gerekiyor.<\/p>\n\n\n\n<p>Yeni seride M6, M6 Pro ve M6 Max olmak \u00fczere \u00fc\u00e7 farkl\u0131 \u00e7ip se\u00e7ene\u011finin yer almas\u0131 bekleniyor. MacBook Pro\u2019nun bu i\u015flemcileri kullanan ilk \u00fcr\u00fcn olup olmayaca\u011f\u0131 ise \u015fimdilik net de\u011fil. M6 ailesinin, \u00f6nceki nesillere k\u0131yasla daha b\u00fcy\u00fck bir s\u0131\u00e7rama getirebilece\u011fi konu\u015fuluyor. Bunun ba\u015fl\u0131ca nedeni, yeni \u00e7iplerin 2 nm \u00fcretim s\u00fcreciyle geli\u015ftirilecek olmas\u0131. <\/p>\n\n\n\n<p>iPhone taraf\u0131nda beklenen A20 Pro \u00e7ipi i\u00e7in de benzer \u00fcretim yeniliklerinden s\u00f6z ediliyor. M6 MacBook Pro modellerinin tek seferde mi duyurulaca\u011f\u0131 yoksa M5 neslinde oldu\u011fu gibi zamana yay\u0131lan bir takvim mi izlenece\u011fi kesinle\u015fmi\u015f de\u011fil. Son s\u00f6ylentiler, t\u00fcm serinin ayn\u0131 d\u00f6nemde tan\u0131t\u0131labilece\u011fini g\u00f6steriyor.<\/p>\n\n\n\n<p>Dokunmatik ekran deste\u011fi de bu modelle birlikte ilk kez Mac taraf\u0131na gelebilir. \u0130ddialara g\u00f6re M6 MacBook Pro, dokunmatik ekranl\u0131 ilk Mac olacak. Mark Gurman\u2019\u0131n aktard\u0131\u011f\u0131 bilgilere g\u00f6re Apple, bu \u00f6zelli\u011fi klavye ve trackpad\u2019in yerine ge\u00e7ecek ana kontrol y\u00f6ntemi olarak de\u011fil, ek bir giri\u015f se\u00e7ene\u011fi \u015feklinde haz\u0131rl\u0131yor. <\/p>\n\n\n\n<p>macOS 27 s\u00fcr\u00fcm\u00fcn\u00fcn de daha dokunmaya uygun aray\u00fcz \u00f6\u011feleriyle gelece\u011fi belirtiliyor. Bu de\u011fi\u015fikliklerin, dokunmatik ekran bulunmayan modellerde de sorunsuz \u00e7al\u0131\u015facak \u015fekilde tasarland\u0131\u011f\u0131 ifade ediliyor. iPhone ve iPad\u2019de kullan\u0131lan temel dokunma hareketlerinin b\u00fcy\u00fck b\u00f6l\u00fcm\u00fcn\u00fcn de macOS taraf\u0131nda desteklenmesi bekleniyor.<\/p>\n\n\n\n<p>Ekran taraf\u0131nda en \u00f6nemli de\u011fi\u015fimlerden biri OLED ge\u00e7i\u015fi olabilir. Apple, iPhone modellerinde uzun s\u00fcredir OLED panel kullan\u0131yor. 2024 y\u0131l\u0131nda tan\u0131t\u0131lan iPad Pro da tandem OLED ekranla gelmi\u015fti. Mac serisi ise \u015fimdiye kadar bu de\u011fi\u015fimin d\u0131\u015f\u0131nda kald\u0131. M6 MacBook Pro\u2019nun OLED ekran kullanan ilk Mac modeli olmas\u0131 bekleniyor. <\/p>\n\n\n\n<p>Bu ge\u00e7i\u015fle birlikte daha derin siyah tonlar\u0131, daha g\u00fc\u00e7l\u00fc kontrast ve farkl\u0131 a\u00e7\u0131lardan daha iyi g\u00f6r\u00fcnt\u00fc kalitesi elde edilebilir. Apple\u2019\u0131n cihaz\u0131 daha ince hale getirmesinde bu ekran teknolojisinin de etkili olabilece\u011fi belirtiliyor.<\/p>\n\n\n\n<p>Apple\u2019\u0131n 2021 MacBook Pro ile birlikte kulland\u0131\u011f\u0131 \u00e7entikli tasar\u0131m da yeni modelle birlikte de\u011fi\u015febilir. S\u00f6ylentilere g\u00f6re \u00e7entik kald\u0131r\u0131lacak ve yerini delikli kamera kesimi alacak. Buna ek olarak, macOS taraf\u0131nda Dynamic Island benzeri yeni bir yaz\u0131l\u0131m alan\u0131 \u00fczerinde \u00e7al\u0131\u015f\u0131ld\u0131\u011f\u0131 ifade ediliyor. <\/p>\n\n\n\n<p>iPhone\u2019daki kullan\u0131ma benzer \u015fekilde bu yap\u0131, kamera alan\u0131n\u0131 yaz\u0131l\u0131msal olarak daha uyumlu g\u00f6sterecek ve ek i\u015flevler sunacak. Canl\u0131 Etkinlikler benzeri \u00f6zelliklerin ve mevcut men\u00fc \u00e7ubu\u011fu deneyiminin geni\u015fletilmi\u015f bir versiyonunun bu alanda yer alabilece\u011fi konu\u015fuluyor.<\/p>\n\n\n\n<p>Bir di\u011fer olas\u0131l\u0131k ise h\u00fccresel ba\u011flant\u0131 deste\u011fi. Apple bug\u00fcne kadar dahili h\u00fccresel ba\u011flant\u0131ya sahip bir Mac modeli tan\u0131tmad\u0131. Ancak \u015firketin modem planlar\u0131na ili\u015fkin daha \u00f6nce payla\u015f\u0131lan bilgiler, bu durumun de\u011fi\u015febilece\u011fini g\u00f6steriyor. Mark Gurman\u2019\u0131n 2024 sonunda yay\u0131mlad\u0131\u011f\u0131 bir rapora g\u00f6re Apple, Mac\u2019e ilk kez h\u00fccresel ba\u011flant\u0131 getirme fikrini de\u011ferlendiriyordu. <\/p>\n\n\n\n<p>O d\u00f6nemde beklenti, daha y\u00fcksek h\u0131zlar sunacak ikinci nesil modem haz\u0131r olmadan bu ad\u0131m\u0131n at\u0131lmayaca\u011f\u0131 y\u00f6n\u00fcndeydi. Buna ra\u011fmen Apple\u2019\u0131n C2 modeminin iPhone 18 Pro ile ayn\u0131 d\u00f6nemde haz\u0131r hale gelmesi, M6 MacBook Pro i\u00e7in h\u00fccresel ba\u011flant\u0131 se\u00e7ene\u011fini g\u00fcndeme ta\u015f\u0131yabilir. \u015eu an i\u00e7in bu \u00f6zellik kesinle\u015fmi\u015f de\u011fil, ancak ihtimal masada kalmaya devam ediyor.<\/p>\n","protected":false},"excerpt":{"rendered":"<p>Apple\u2019\u0131n bu y\u0131l\u0131n ilerleyen d\u00f6nemlerinde M6 MacBook Pro modelini tan\u0131tmas\u0131 bekleniyor. Ortaya \u00e7\u0131kan son iddialar, yeni modelin yaln\u0131zca i\u015flemci g\u00fcncellemesiyle s\u0131n\u0131rl\u0131 kalmayaca\u011f\u0131n\u0131 g\u00f6steriyor. Daha ince g\u00f6vde, OLED ekran, dokunmatik kullan\u0131m deste\u011fi ve h\u00fccresel ba\u011flant\u0131 ihtimali gibi ba\u015fl\u0131klar, yeni neslin \u00f6nemli de\u011fi\u015fikliklerle gelece\u011fine i\u015faret ediyor. M6 MacBook Pro, uzun s\u00fcredir g\u00f6r\u00fclen en kapsaml\u0131 yeniliklerden birini getirebilir [&hellip;]<\/p>\n","protected":false},"author":1,"featured_media":868,"comment_status":"open","ping_status":"open","sticky":false,"template":"","format":"standard","meta":{"footnotes":""},"categories":[23,1,102,65],"tags":[257,110,111],"class_list":{"0":"post-867","1":"post","2":"type-post","3":"status-publish","4":"format-standard","5":"has-post-thumbnail","7":"category-bilgisayar","8":"category-haberler","9":"category-mac","10":"category-teknoloji","11":"tag-m6-macbook-pro","12":"tag-macbook","13":"tag-macbook-pro"},"yoast_head":"<!-- This site is optimized with the Yoast SEO Premium plugin v24.6 (Yoast SEO v27.4) - https:\/\/yoast.com\/product\/yoast-seo-premium-wordpress\/ -->\n<title>M6 MacBook Pro i\u00e7in beklenen 6 yeni \u00f6zellik - Subscriber<\/title>\n<meta name=\"description\" content=\"Apple\u2019\u0131n bu y\u0131l\u0131n ilerleyen d\u00f6nemlerinde M6 MacBook Pro modelini tan\u0131tmas\u0131 bekleniyor. \u0130\u015fte M6 MacBook Pro i\u00e7in beklenen 6 yeni \u00f6zellik...\" \/>\n<meta name=\"robots\" content=\"index, follow, max-snippet:-1, max-image-preview:large, max-video-preview:-1\" \/>\n<link rel=\"canonical\" href=\"https:\/\/thesubscriber.net\/tr\/m6-macbook-pro-beklenen-6-yeni-ozellik\/\" \/>\n<meta property=\"og:locale\" content=\"tr_TR\" \/>\n<meta property=\"og:type\" content=\"article\" \/>\n<meta property=\"og:title\" content=\"M6 MacBook Pro i\u00e7in beklenen 6 yeni \u00f6zellik\" \/>\n<meta property=\"og:description\" content=\"Apple\u2019\u0131n bu y\u0131l\u0131n ilerleyen d\u00f6nemlerinde M6 MacBook Pro modelini tan\u0131tmas\u0131 bekleniyor. \u0130\u015fte M6 MacBook Pro i\u00e7in beklenen 6 yeni \u00f6zellik...\" \/>\n<meta property=\"og:url\" content=\"https:\/\/thesubscriber.net\/tr\/m6-macbook-pro-beklenen-6-yeni-ozellik\/\" \/>\n<meta property=\"og:site_name\" content=\"Subscriber\" \/>\n<meta property=\"article:published_time\" content=\"2026-03-12T19:00:54+00:00\" \/>\n<meta property=\"og:image\" content=\"https:\/\/thesubscriber.net\/tr\/wp-content\/uploads\/sites\/2\/2026\/03\/M6-MacBook-Pro.webp\" \/>\n\t<meta property=\"og:image:width\" content=\"1280\" \/>\n\t<meta property=\"og:image:height\" content=\"720\" \/>\n\t<meta property=\"og:image:type\" content=\"image\/webp\" \/>\n<meta name=\"author\" content=\"info@thesubscriber.net\" \/>\n<meta name=\"twitter:card\" content=\"summary_large_image\" \/>\n<meta name=\"twitter:label1\" content=\"Yazan:\" \/>\n\t<meta name=\"twitter:data1\" content=\"info@thesubscriber.net\" \/>\n\t<meta name=\"twitter:label2\" content=\"Tahmini okuma s\u00fcresi\" \/>\n\t<meta name=\"twitter:data2\" content=\"4 dakika\" \/>\n<script type=\"application\/ld+json\" class=\"yoast-schema-graph\">{\"@context\":\"https:\\\/\\\/schema.org\",\"@graph\":[{\"@type\":\"Article\",\"@id\":\"https:\\\/\\\/thesubscriber.net\\\/tr\\\/m6-macbook-pro-beklenen-6-yeni-ozellik\\\/#article\",\"isPartOf\":{\"@id\":\"https:\\\/\\\/thesubscriber.net\\\/tr\\\/m6-macbook-pro-beklenen-6-yeni-ozellik\\\/\"},\"author\":{\"name\":\"info@thesubscriber.net\",\"@id\":\"https:\\\/\\\/thesubscriber.net\\\/tr\\\/#\\\/schema\\\/person\\\/2f06d64f3456d81635b7313665b3db21\"},\"headline\":\"M6 MacBook Pro i\u00e7in beklenen 6 yeni \u00f6zellik\",\"datePublished\":\"2026-03-12T19:00:54+00:00\",\"mainEntityOfPage\":{\"@id\":\"https:\\\/\\\/thesubscriber.net\\\/tr\\\/m6-macbook-pro-beklenen-6-yeni-ozellik\\\/\"},\"wordCount\":775,\"commentCount\":0,\"image\":{\"@id\":\"https:\\\/\\\/thesubscriber.net\\\/tr\\\/m6-macbook-pro-beklenen-6-yeni-ozellik\\\/#primaryimage\"},\"thumbnailUrl\":\"https:\\\/\\\/thesubscriber.net\\\/tr\\\/wp-content\\\/uploads\\\/sites\\\/2\\\/2026\\\/03\\\/M6-MacBook-Pro.webp\",\"keywords\":[\"M6 MacBook Pro\",\"MacBook\",\"MacBook Pro\"],\"articleSection\":[\"Bilgisayar\",\"Haberler\",\"Mac\",\"Teknoloji\"],\"inLanguage\":\"tr\",\"potentialAction\":[{\"@type\":\"CommentAction\",\"name\":\"Comment\",\"target\":[\"https:\\\/\\\/thesubscriber.net\\\/tr\\\/m6-macbook-pro-beklenen-6-yeni-ozellik\\\/#respond\"]}]},{\"@type\":\"WebPage\",\"@id\":\"https:\\\/\\\/thesubscriber.net\\\/tr\\\/m6-macbook-pro-beklenen-6-yeni-ozellik\\\/\",\"url\":\"https:\\\/\\\/thesubscriber.net\\\/tr\\\/m6-macbook-pro-beklenen-6-yeni-ozellik\\\/\",\"name\":\"M6 MacBook Pro i\u00e7in beklenen 6 yeni \u00f6zellik - Subscriber\",\"isPartOf\":{\"@id\":\"https:\\\/\\\/thesubscriber.net\\\/tr\\\/#website\"},\"primaryImageOfPage\":{\"@id\":\"https:\\\/\\\/thesubscriber.net\\\/tr\\\/m6-macbook-pro-beklenen-6-yeni-ozellik\\\/#primaryimage\"},\"image\":{\"@id\":\"https:\\\/\\\/thesubscriber.net\\\/tr\\\/m6-macbook-pro-beklenen-6-yeni-ozellik\\\/#primaryimage\"},\"thumbnailUrl\":\"https:\\\/\\\/thesubscriber.net\\\/tr\\\/wp-content\\\/uploads\\\/sites\\\/2\\\/2026\\\/03\\\/M6-MacBook-Pro.webp\",\"datePublished\":\"2026-03-12T19:00:54+00:00\",\"author\":{\"@id\":\"https:\\\/\\\/thesubscriber.net\\\/tr\\\/#\\\/schema\\\/person\\\/2f06d64f3456d81635b7313665b3db21\"},\"description\":\"Apple\u2019\u0131n bu y\u0131l\u0131n ilerleyen d\u00f6nemlerinde M6 MacBook Pro modelini tan\u0131tmas\u0131 bekleniyor. \u0130\u015fte M6 MacBook Pro i\u00e7in beklenen 6 yeni \u00f6zellik...\",\"breadcrumb\":{\"@id\":\"https:\\\/\\\/thesubscriber.net\\\/tr\\\/m6-macbook-pro-beklenen-6-yeni-ozellik\\\/#breadcrumb\"},\"inLanguage\":\"tr\",\"potentialAction\":[{\"@type\":\"ReadAction\",\"target\":[\"https:\\\/\\\/thesubscriber.net\\\/tr\\\/m6-macbook-pro-beklenen-6-yeni-ozellik\\\/\"]}]},{\"@type\":\"ImageObject\",\"inLanguage\":\"tr\",\"@id\":\"https:\\\/\\\/thesubscriber.net\\\/tr\\\/m6-macbook-pro-beklenen-6-yeni-ozellik\\\/#primaryimage\",\"url\":\"https:\\\/\\\/thesubscriber.net\\\/tr\\\/wp-content\\\/uploads\\\/sites\\\/2\\\/2026\\\/03\\\/M6-MacBook-Pro.webp\",\"contentUrl\":\"https:\\\/\\\/thesubscriber.net\\\/tr\\\/wp-content\\\/uploads\\\/sites\\\/2\\\/2026\\\/03\\\/M6-MacBook-Pro.webp\",\"width\":1280,\"height\":720},{\"@type\":\"BreadcrumbList\",\"@id\":\"https:\\\/\\\/thesubscriber.net\\\/tr\\\/m6-macbook-pro-beklenen-6-yeni-ozellik\\\/#breadcrumb\",\"itemListElement\":[{\"@type\":\"ListItem\",\"position\":1,\"name\":\"Anasayfa\",\"item\":\"https:\\\/\\\/thesubscriber.net\\\/tr\\\/\"},{\"@type\":\"ListItem\",\"position\":2,\"name\":\"M6 MacBook Pro i\u00e7in beklenen 6 yeni \u00f6zellik\"}]},{\"@type\":\"WebSite\",\"@id\":\"https:\\\/\\\/thesubscriber.net\\\/tr\\\/#website\",\"url\":\"https:\\\/\\\/thesubscriber.net\\\/tr\\\/\",\"name\":\"Subscriber\",\"description\":\"\",\"potentialAction\":[{\"@type\":\"SearchAction\",\"target\":{\"@type\":\"EntryPoint\",\"urlTemplate\":\"https:\\\/\\\/thesubscriber.net\\\/tr\\\/?s={search_term_string}\"},\"query-input\":{\"@type\":\"PropertyValueSpecification\",\"valueRequired\":true,\"valueName\":\"search_term_string\"}}],\"inLanguage\":\"tr\"},{\"@type\":\"Person\",\"@id\":\"https:\\\/\\\/thesubscriber.net\\\/tr\\\/#\\\/schema\\\/person\\\/2f06d64f3456d81635b7313665b3db21\",\"name\":\"info@thesubscriber.net\",\"image\":{\"@type\":\"ImageObject\",\"inLanguage\":\"tr\",\"@id\":\"https:\\\/\\\/secure.gravatar.com\\\/avatar\\\/2fdf9473b83df0025565e3e3c5545bc2b1072c42e329f6c9099aa79c00596be8?s=96&d=mm&r=g\",\"url\":\"https:\\\/\\\/secure.gravatar.com\\\/avatar\\\/2fdf9473b83df0025565e3e3c5545bc2b1072c42e329f6c9099aa79c00596be8?s=96&d=mm&r=g\",\"contentUrl\":\"https:\\\/\\\/secure.gravatar.com\\\/avatar\\\/2fdf9473b83df0025565e3e3c5545bc2b1072c42e329f6c9099aa79c00596be8?s=96&d=mm&r=g\",\"caption\":\"info@thesubscriber.net\"},\"sameAs\":[\"http:\\\/\\\/thesubscriber.net\"],\"url\":\"https:\\\/\\\/thesubscriber.net\\\/tr\\\/author\\\/infothesubscriber-net\\\/\"}]}<\/script>\n<!-- \/ Yoast SEO Premium plugin. -->","yoast_head_json":{"title":"M6 MacBook Pro i\u00e7in beklenen 6 yeni \u00f6zellik - Subscriber","description":"Apple\u2019\u0131n bu y\u0131l\u0131n ilerleyen d\u00f6nemlerinde M6 MacBook Pro modelini tan\u0131tmas\u0131 bekleniyor. \u0130\u015fte M6 MacBook Pro i\u00e7in beklenen 6 yeni \u00f6zellik...","robots":{"index":"index","follow":"follow","max-snippet":"max-snippet:-1","max-image-preview":"max-image-preview:large","max-video-preview":"max-video-preview:-1"},"canonical":"https:\/\/thesubscriber.net\/tr\/m6-macbook-pro-beklenen-6-yeni-ozellik\/","og_locale":"tr_TR","og_type":"article","og_title":"M6 MacBook Pro i\u00e7in beklenen 6 yeni \u00f6zellik","og_description":"Apple\u2019\u0131n bu y\u0131l\u0131n ilerleyen d\u00f6nemlerinde M6 MacBook Pro modelini tan\u0131tmas\u0131 bekleniyor. \u0130\u015fte M6 MacBook Pro i\u00e7in beklenen 6 yeni \u00f6zellik...","og_url":"https:\/\/thesubscriber.net\/tr\/m6-macbook-pro-beklenen-6-yeni-ozellik\/","og_site_name":"Subscriber","article_published_time":"2026-03-12T19:00:54+00:00","og_image":[{"width":1280,"height":720,"url":"https:\/\/thesubscriber.net\/tr\/wp-content\/uploads\/sites\/2\/2026\/03\/M6-MacBook-Pro.webp","type":"image\/webp"}],"author":"info@thesubscriber.net","twitter_card":"summary_large_image","twitter_misc":{"Yazan:":"info@thesubscriber.net","Tahmini okuma s\u00fcresi":"4 dakika"},"schema":{"@context":"https:\/\/schema.org","@graph":[{"@type":"Article","@id":"https:\/\/thesubscriber.net\/tr\/m6-macbook-pro-beklenen-6-yeni-ozellik\/#article","isPartOf":{"@id":"https:\/\/thesubscriber.net\/tr\/m6-macbook-pro-beklenen-6-yeni-ozellik\/"},"author":{"name":"info@thesubscriber.net","@id":"https:\/\/thesubscriber.net\/tr\/#\/schema\/person\/2f06d64f3456d81635b7313665b3db21"},"headline":"M6 MacBook Pro i\u00e7in beklenen 6 yeni \u00f6zellik","datePublished":"2026-03-12T19:00:54+00:00","mainEntityOfPage":{"@id":"https:\/\/thesubscriber.net\/tr\/m6-macbook-pro-beklenen-6-yeni-ozellik\/"},"wordCount":775,"commentCount":0,"image":{"@id":"https:\/\/thesubscriber.net\/tr\/m6-macbook-pro-beklenen-6-yeni-ozellik\/#primaryimage"},"thumbnailUrl":"https:\/\/thesubscriber.net\/tr\/wp-content\/uploads\/sites\/2\/2026\/03\/M6-MacBook-Pro.webp","keywords":["M6 MacBook Pro","MacBook","MacBook Pro"],"articleSection":["Bilgisayar","Haberler","Mac","Teknoloji"],"inLanguage":"tr","potentialAction":[{"@type":"CommentAction","name":"Comment","target":["https:\/\/thesubscriber.net\/tr\/m6-macbook-pro-beklenen-6-yeni-ozellik\/#respond"]}]},{"@type":"WebPage","@id":"https:\/\/thesubscriber.net\/tr\/m6-macbook-pro-beklenen-6-yeni-ozellik\/","url":"https:\/\/thesubscriber.net\/tr\/m6-macbook-pro-beklenen-6-yeni-ozellik\/","name":"M6 MacBook Pro i\u00e7in beklenen 6 yeni \u00f6zellik - Subscriber","isPartOf":{"@id":"https:\/\/thesubscriber.net\/tr\/#website"},"primaryImageOfPage":{"@id":"https:\/\/thesubscriber.net\/tr\/m6-macbook-pro-beklenen-6-yeni-ozellik\/#primaryimage"},"image":{"@id":"https:\/\/thesubscriber.net\/tr\/m6-macbook-pro-beklenen-6-yeni-ozellik\/#primaryimage"},"thumbnailUrl":"https:\/\/thesubscriber.net\/tr\/wp-content\/uploads\/sites\/2\/2026\/03\/M6-MacBook-Pro.webp","datePublished":"2026-03-12T19:00:54+00:00","author":{"@id":"https:\/\/thesubscriber.net\/tr\/#\/schema\/person\/2f06d64f3456d81635b7313665b3db21"},"description":"Apple\u2019\u0131n bu y\u0131l\u0131n ilerleyen d\u00f6nemlerinde M6 MacBook Pro modelini tan\u0131tmas\u0131 bekleniyor. \u0130\u015fte M6 MacBook Pro i\u00e7in beklenen 6 yeni \u00f6zellik...","breadcrumb":{"@id":"https:\/\/thesubscriber.net\/tr\/m6-macbook-pro-beklenen-6-yeni-ozellik\/#breadcrumb"},"inLanguage":"tr","potentialAction":[{"@type":"ReadAction","target":["https:\/\/thesubscriber.net\/tr\/m6-macbook-pro-beklenen-6-yeni-ozellik\/"]}]},{"@type":"ImageObject","inLanguage":"tr","@id":"https:\/\/thesubscriber.net\/tr\/m6-macbook-pro-beklenen-6-yeni-ozellik\/#primaryimage","url":"https:\/\/thesubscriber.net\/tr\/wp-content\/uploads\/sites\/2\/2026\/03\/M6-MacBook-Pro.webp","contentUrl":"https:\/\/thesubscriber.net\/tr\/wp-content\/uploads\/sites\/2\/2026\/03\/M6-MacBook-Pro.webp","width":1280,"height":720},{"@type":"BreadcrumbList","@id":"https:\/\/thesubscriber.net\/tr\/m6-macbook-pro-beklenen-6-yeni-ozellik\/#breadcrumb","itemListElement":[{"@type":"ListItem","position":1,"name":"Anasayfa","item":"https:\/\/thesubscriber.net\/tr\/"},{"@type":"ListItem","position":2,"name":"M6 MacBook Pro i\u00e7in beklenen 6 yeni \u00f6zellik"}]},{"@type":"WebSite","@id":"https:\/\/thesubscriber.net\/tr\/#website","url":"https:\/\/thesubscriber.net\/tr\/","name":"Subscriber","description":"","potentialAction":[{"@type":"SearchAction","target":{"@type":"EntryPoint","urlTemplate":"https:\/\/thesubscriber.net\/tr\/?s={search_term_string}"},"query-input":{"@type":"PropertyValueSpecification","valueRequired":true,"valueName":"search_term_string"}}],"inLanguage":"tr"},{"@type":"Person","@id":"https:\/\/thesubscriber.net\/tr\/#\/schema\/person\/2f06d64f3456d81635b7313665b3db21","name":"info@thesubscriber.net","image":{"@type":"ImageObject","inLanguage":"tr","@id":"https:\/\/secure.gravatar.com\/avatar\/2fdf9473b83df0025565e3e3c5545bc2b1072c42e329f6c9099aa79c00596be8?s=96&d=mm&r=g","url":"https:\/\/secure.gravatar.com\/avatar\/2fdf9473b83df0025565e3e3c5545bc2b1072c42e329f6c9099aa79c00596be8?s=96&d=mm&r=g","contentUrl":"https:\/\/secure.gravatar.com\/avatar\/2fdf9473b83df0025565e3e3c5545bc2b1072c42e329f6c9099aa79c00596be8?s=96&d=mm&r=g","caption":"info@thesubscriber.net"},"sameAs":["http:\/\/thesubscriber.net"],"url":"https:\/\/thesubscriber.net\/tr\/author\/infothesubscriber-net\/"}]}},"_links":{"self":[{"href":"https:\/\/thesubscriber.net\/tr\/wp-json\/wp\/v2\/posts\/867","targetHints":{"allow":["GET"]}}],"collection":[{"href":"https:\/\/thesubscriber.net\/tr\/wp-json\/wp\/v2\/posts"}],"about":[{"href":"https:\/\/thesubscriber.net\/tr\/wp-json\/wp\/v2\/types\/post"}],"author":[{"embeddable":true,"href":"https:\/\/thesubscriber.net\/tr\/wp-json\/wp\/v2\/users\/1"}],"replies":[{"embeddable":true,"href":"https:\/\/thesubscriber.net\/tr\/wp-json\/wp\/v2\/comments?post=867"}],"version-history":[{"count":1,"href":"https:\/\/thesubscriber.net\/tr\/wp-json\/wp\/v2\/posts\/867\/revisions"}],"predecessor-version":[{"id":870,"href":"https:\/\/thesubscriber.net\/tr\/wp-json\/wp\/v2\/posts\/867\/revisions\/870"}],"wp:featuredmedia":[{"embeddable":true,"href":"https:\/\/thesubscriber.net\/tr\/wp-json\/wp\/v2\/media\/868"}],"wp:attachment":[{"href":"https:\/\/thesubscriber.net\/tr\/wp-json\/wp\/v2\/media?parent=867"}],"wp:term":[{"taxonomy":"category","embeddable":true,"href":"https:\/\/thesubscriber.net\/tr\/wp-json\/wp\/v2\/categories?post=867"},{"taxonomy":"post_tag","embeddable":true,"href":"https:\/\/thesubscriber.net\/tr\/wp-json\/wp\/v2\/tags?post=867"}],"curies":[{"name":"wp","href":"https:\/\/api.w.org\/{rel}","templated":true}]}}