{"id":862,"date":"2026-03-12T18:10:10","date_gmt":"2026-03-12T15:10:10","guid":{"rendered":"https:\/\/thesubscriber.net\/tr\/?p=862"},"modified":"2026-03-12T18:10:20","modified_gmt":"2026-03-12T15:10:20","slug":"iphone-ve-ipad-icin-mutlaka-yapilmasi-gereken-guncelleme","status":"publish","type":"post","link":"https:\/\/thesubscriber.net\/tr\/iphone-ve-ipad-icin-mutlaka-yapilmasi-gereken-guncelleme\/","title":{"rendered":"iPhone ve iPad i\u00e7in mutlaka yap\u0131lmas\u0131 gereken g\u00fcncelleme"},"content":{"rendered":"\n<p>Apple, Coruna exploit kitiyle ba\u011flant\u0131l\u0131 g\u00fcvenlik a\u00e7\u0131klar\u0131n\u0131 kapatmak i\u00e7in eski iPhone ve iPad modellerine y\u00f6nelik yeni g\u00fcvenlik g\u00fcncellemeleri yay\u0131nlad\u0131. <\/p>\n\n\n\n<p>Siber casusluk ve kripto para h\u0131rs\u0131zl\u0131\u011f\u0131 sald\u0131r\u0131lar\u0131nda kullan\u0131lan bu a\u00e7\u0131klar, en g\u00fcncel iOS ve iPadOS s\u00fcr\u00fcmlerine ge\u00e7emeyen cihazlar i\u00e7in de kapat\u0131lm\u0131\u015f oldu. \u015eirket daha \u00f6nce yeni modellerde d\u00fczeltilen baz\u0131 g\u00fcvenlik sorunlar\u0131n\u0131 \u015fimdi eski cihazlara da ta\u015f\u0131d\u0131.<\/p>\n\n\n\n<h2 class=\"wp-block-heading\" id=\"h-coruna-exploit-kiti-webkit-ve-cekirdek-aciklari-uzerinden-eski-apple-cihazlari-hedef-aldi\">Coruna exploit kiti, WebKit ve \u00e7ekirdek a\u00e7\u0131klar\u0131 \u00fczerinden eski Apple cihazlar\u0131 hedef ald\u0131<\/h2>\n\n\n\n<p>Apple\u2019\u0131n g\u00fcvenlik notlar\u0131na g\u00f6re yeni yamalar, sald\u0131rganlara uzaktan kod \u00e7al\u0131\u015ft\u0131rma ya da \u00e7ekirdek seviyesinde yetki y\u00fckseltme imkan\u0131 verebilen birden fazla a\u00e7\u0131\u011f\u0131 gideriyor. <\/p>\n\n\n\n<figure class=\"wp-block-image size-large\"><img loading=\"lazy\" decoding=\"async\" width=\"1024\" height=\"576\" src=\"https:\/\/thesubscriber.net\/tr\/wp-content\/uploads\/sites\/2\/2026\/03\/Apple_logo-1024x576.webp\" alt=\"\" class=\"wp-image-865\" srcset=\"https:\/\/thesubscriber.net\/tr\/wp-content\/uploads\/sites\/2\/2026\/03\/Apple_logo-1024x576.webp 1024w, https:\/\/thesubscriber.net\/tr\/wp-content\/uploads\/sites\/2\/2026\/03\/Apple_logo-300x169.webp 300w, https:\/\/thesubscriber.net\/tr\/wp-content\/uploads\/sites\/2\/2026\/03\/Apple_logo-768x432.webp 768w, https:\/\/thesubscriber.net\/tr\/wp-content\/uploads\/sites\/2\/2026\/03\/Apple_logo-1536x864.webp 1536w, https:\/\/thesubscriber.net\/tr\/wp-content\/uploads\/sites\/2\/2026\/03\/Apple_logo-696x392.webp 696w, https:\/\/thesubscriber.net\/tr\/wp-content\/uploads\/sites\/2\/2026\/03\/Apple_logo-1068x601.webp 1068w, https:\/\/thesubscriber.net\/tr\/wp-content\/uploads\/sites\/2\/2026\/03\/Apple_logo.webp 1600w\" sizes=\"auto, (max-width: 1024px) 100vw, 1024px\" \/><\/figure>\n\n\n\n<p>\u015eirket bu g\u00fcncellemelerin Coruna exploit kitiyle ili\u015fkili d\u00fczeltmeleri i\u00e7erdi\u011fini ve en yeni iOS s\u00fcr\u00fcm\u00fcn\u00fc \u00e7al\u0131\u015ft\u0131ramayan cihazlar i\u00e7in haz\u0131rland\u0131\u011f\u0131n\u0131 a\u00e7\u0131klad\u0131.<\/p>\n\n\n\n<p>Kapat\u0131lan a\u00e7\u0131klar aras\u0131nda CVE-2023-41974, CVE-2024-23222, CVE-2023-43000 ve CVE-2023-43010 bulunuyor. CVE-2023-41974 \u00e7ekirdek taraf\u0131nda use-after-free sorunu olarak tan\u0131mlan\u0131yor. CVE-2024-23222, WebKit i\u00e7inde type confusion a\u00e7\u0131\u011f\u0131 olarak yer al\u0131yor. <\/p>\n\n\n\n<p>CVE-2023-43000 ile CVE-2023-43010 ise yine WebKit kaynakl\u0131 bellek i\u015fleme sorunlar\u0131yla ili\u015fkilendiriliyor. Apple, bu a\u00e7\u0131klar\u0131n geli\u015ftirilmi\u015f bellek y\u00f6netimi ve daha g\u00fc\u00e7l\u00fc do\u011frulama kontrolleriyle kapat\u0131ld\u0131\u011f\u0131n\u0131 belirtiyor.<\/p>\n\n\n\n<p>G\u00fcncellemeyi alan cihaz listesi olduk\u00e7a geni\u015f. iOS 15.8.7, iOS 16.7.15, iPadOS 15.8.7 ve iPadOS 16.7.15 s\u00fcr\u00fcmlerini \u00e7al\u0131\u015ft\u0131ran eski modeller bu kapsamda yer al\u0131yor. <\/p>\n\n\n\n<p>Listede t\u00fcm iPhone 6s modelleri, t\u00fcm iPhone 7 modelleri, birinci nesil iPhone SE, iPhone 8, iPhone 8 Plus ve iPhone X bulunuyor. Tablet ve di\u011fer ta\u015f\u0131nabilir cihaz taraf\u0131nda ise iPad Air 2, iPad mini 4, yedinci nesil iPod touch, be\u015finci nesil iPad, 9.7 in\u00e7 iPad Pro ve birinci nesil 12.9 in\u00e7 iPad Pro yer al\u0131yor.<\/p>\n\n\n\n<p>Google Threat Intelligence Group daha \u00f6nce Coruna exploit kitinin \u015eubat 2025\u2019ten bu yana birden fazla tehdit akt\u00f6r\u00fc taraf\u0131ndan kullan\u0131ld\u0131\u011f\u0131n\u0131 a\u00e7\u0131klam\u0131\u015ft\u0131. <\/p>\n\n\n\n<p>Bu gruplar aras\u0131nda Rusya ba\u011flant\u0131l\u0131 oldu\u011fu de\u011ferlendirilen UNC6353, bir g\u00f6zetim \u015firketinin m\u00fc\u015fterisi ve finansal kazan\u00e7 odakl\u0131 \u00c7in ba\u011flant\u0131l\u0131 UNC6691 bulunuyor.<\/p>\n\n\n\n<p>Ara\u015ft\u0131rmac\u0131lara g\u00f6re UNC6691, sahte kumar ve kripto para siteleri \u00fczerinden Coruna\u2019y\u0131 da\u011f\u0131tt\u0131. Bu sald\u0131r\u0131larda ama\u00e7, zararl\u0131 yaz\u0131l\u0131m y\u00fcklerini kurban cihazlara bula\u015ft\u0131rmak ve kripto c\u00fczdanlar\u0131n\u0131 ele ge\u00e7irmekti. Bu tablo, Coruna\u2019n\u0131n yaln\u0131zca casusluk i\u00e7in de\u011fil, do\u011frudan maddi kazan\u00e7 i\u00e7in de kullan\u0131ld\u0131\u011f\u0131n\u0131 g\u00f6steriyor.<\/p>\n\n\n\n<p>ABD Siber G\u00fcvenlik ve Altyap\u0131 G\u00fcvenli\u011fi Ajans\u0131 CISA da konuya ili\u015fkin ad\u0131m att\u0131. Kurum, Coruna taraf\u0131ndan kullan\u0131lan a\u00e7\u0131klar\u0131n \u00fc\u00e7 tanesini ge\u00e7en hafta Known Exploited Vulnerabilities katalo\u011funa ekledi. Bu a\u00e7\u0131klar aras\u0131nda Apple\u2019\u0131n \u015fimdi eski cihazlara geri ta\u015f\u0131d\u0131\u011f\u0131 CVE-2023-43010 WebKit a\u00e7\u0131\u011f\u0131 da yer al\u0131yor.<\/p>\n\n\n\n<p>CISA, Federal Civilian Executive Branch kapsam\u0131ndaki kurumlara ba\u011fl\u0131 iOS cihazlar\u0131n\u0131n 26 Mart\u2019a kadar yamalanmas\u0131n\u0131 istedi. Kurum, bu a\u00e7\u0131klar\u0131n k\u00f6t\u00fc niyetli akt\u00f6rler taraf\u0131ndan s\u0131k kullan\u0131lan sald\u0131r\u0131 vekt\u00f6rleri aras\u0131nda bulundu\u011funu ve federal sistemler i\u00e7in ciddi risk yaratt\u0131\u011f\u0131n\u0131 vurgulad\u0131.<\/p>\n\n\n\n<p>Apple, y\u0131l\u0131n ba\u015f\u0131nda ba\u015fka bir \u00f6nemli g\u00fcvenlik sorununu daha kapatm\u0131\u015ft\u0131. CVE-2026-20700 kodlu s\u0131f\u0131r g\u00fcn a\u00e7\u0131\u011f\u0131, \u015firketin ifadesine g\u00f6re belirli ki\u015fileri hedef alan son derece geli\u015fmi\u015f bir sald\u0131r\u0131da kullan\u0131ld\u0131. <\/p>\n\n\n\n<p>Apple, bu a\u00e7\u0131\u011f\u0131n ele ge\u00e7irilen cihazlarda rastgele kod \u00e7al\u0131\u015ft\u0131r\u0131lmas\u0131na imkan verdi\u011fini a\u00e7\u0131klad\u0131. \u015eirket, g\u00fcvenlik a\u00e7\u0131\u011f\u0131n\u0131n Google Threat Analysis Group taraf\u0131ndan bildirildi\u011fini belirtti, ancak sald\u0131r\u0131n\u0131n teknik i\u015fleyi\u015fine dair ek ayr\u0131nt\u0131 payla\u015fmad\u0131.<\/p>\n","protected":false},"excerpt":{"rendered":"<p>Apple, Coruna exploit kitiyle ba\u011flant\u0131l\u0131 g\u00fcvenlik a\u00e7\u0131klar\u0131n\u0131 kapatmak i\u00e7in eski iPhone ve iPad modellerine y\u00f6nelik yeni g\u00fcvenlik g\u00fcncellemeleri yay\u0131nlad\u0131. Siber casusluk ve kripto para h\u0131rs\u0131zl\u0131\u011f\u0131 sald\u0131r\u0131lar\u0131nda kullan\u0131lan bu a\u00e7\u0131klar, en g\u00fcncel iOS ve iPadOS s\u00fcr\u00fcmlerine ge\u00e7emeyen cihazlar i\u00e7in de kapat\u0131lm\u0131\u015f oldu. \u015eirket daha \u00f6nce yeni modellerde d\u00fczeltilen baz\u0131 g\u00fcvenlik sorunlar\u0131n\u0131 \u015fimdi eski cihazlara da ta\u015f\u0131d\u0131. [&hellip;]<\/p>\n","protected":false},"author":1,"featured_media":863,"comment_status":"open","ping_status":"open","sticky":false,"template":"","format":"standard","meta":{"footnotes":""},"categories":[56,55,1,47,48,44,65],"tags":[72,256,75],"class_list":{"0":"post-862","1":"post","2":"type-post","3":"status-publish","4":"format-standard","5":"has-post-thumbnail","7":"category-akilli-telefon","8":"category-guvenlik","9":"category-haberler","10":"category-ios","11":"category-ipados","12":"category-isletim-sistemleri","13":"category-teknoloji","14":"tag-apple","15":"tag-ipad","16":"tag-iphone"},"yoast_head":"<!-- This site is optimized with the Yoast SEO Premium plugin v24.6 (Yoast SEO v27.4) - https:\/\/yoast.com\/product\/yoast-seo-premium-wordpress\/ -->\n<title>iPhone ve iPad i\u00e7in mutlaka yap\u0131lmas\u0131 gereken g\u00fcncelleme - Subscriber<\/title>\n<meta name=\"description\" content=\"Apple, eski iPhone ve iPad modelleri i\u00e7in Coruna ile ili\u015fkili kritik g\u00fcvenlik a\u00e7\u0131klar\u0131n\u0131 kapatan yeni g\u00fcncellemeler yay\u0131nlad\u0131.\" \/>\n<meta name=\"robots\" content=\"index, follow, max-snippet:-1, max-image-preview:large, max-video-preview:-1\" \/>\n<link rel=\"canonical\" href=\"https:\/\/thesubscriber.net\/tr\/iphone-ve-ipad-icin-mutlaka-yapilmasi-gereken-guncelleme\/\" \/>\n<meta property=\"og:locale\" content=\"tr_TR\" \/>\n<meta property=\"og:type\" content=\"article\" \/>\n<meta property=\"og:title\" content=\"iPhone ve iPad i\u00e7in mutlaka yap\u0131lmas\u0131 gereken g\u00fcncelleme\" \/>\n<meta property=\"og:description\" content=\"Apple, eski iPhone ve iPad modelleri i\u00e7in Coruna ile ili\u015fkili kritik g\u00fcvenlik a\u00e7\u0131klar\u0131n\u0131 kapatan yeni g\u00fcncellemeler yay\u0131nlad\u0131.\" \/>\n<meta property=\"og:url\" content=\"https:\/\/thesubscriber.net\/tr\/iphone-ve-ipad-icin-mutlaka-yapilmasi-gereken-guncelleme\/\" \/>\n<meta property=\"og:site_name\" content=\"Subscriber\" \/>\n<meta property=\"article:published_time\" content=\"2026-03-12T15:10:10+00:00\" \/>\n<meta property=\"article:modified_time\" content=\"2026-03-12T15:10:20+00:00\" \/>\n<meta property=\"og:image\" content=\"https:\/\/thesubscriber.net\/tr\/wp-content\/uploads\/sites\/2\/2026\/03\/iPhone-ve-iPad.jpg\" \/>\n\t<meta property=\"og:image:width\" content=\"1280\" \/>\n\t<meta property=\"og:image:height\" content=\"720\" \/>\n\t<meta property=\"og:image:type\" content=\"image\/jpeg\" \/>\n<meta name=\"author\" content=\"info@thesubscriber.net\" \/>\n<meta name=\"twitter:card\" content=\"summary_large_image\" \/>\n<meta name=\"twitter:label1\" content=\"Yazan:\" \/>\n\t<meta name=\"twitter:data1\" content=\"info@thesubscriber.net\" \/>\n\t<meta name=\"twitter:label2\" content=\"Tahmini okuma s\u00fcresi\" \/>\n\t<meta name=\"twitter:data2\" content=\"4 dakika\" \/>\n<script type=\"application\/ld+json\" class=\"yoast-schema-graph\">{\"@context\":\"https:\\\/\\\/schema.org\",\"@graph\":[{\"@type\":\"Article\",\"@id\":\"https:\\\/\\\/thesubscriber.net\\\/tr\\\/iphone-ve-ipad-icin-mutlaka-yapilmasi-gereken-guncelleme\\\/#article\",\"isPartOf\":{\"@id\":\"https:\\\/\\\/thesubscriber.net\\\/tr\\\/iphone-ve-ipad-icin-mutlaka-yapilmasi-gereken-guncelleme\\\/\"},\"author\":{\"name\":\"info@thesubscriber.net\",\"@id\":\"https:\\\/\\\/thesubscriber.net\\\/tr\\\/#\\\/schema\\\/person\\\/2f06d64f3456d81635b7313665b3db21\"},\"headline\":\"iPhone ve iPad i\u00e7in mutlaka yap\u0131lmas\u0131 gereken g\u00fcncelleme\",\"datePublished\":\"2026-03-12T15:10:10+00:00\",\"dateModified\":\"2026-03-12T15:10:20+00:00\",\"mainEntityOfPage\":{\"@id\":\"https:\\\/\\\/thesubscriber.net\\\/tr\\\/iphone-ve-ipad-icin-mutlaka-yapilmasi-gereken-guncelleme\\\/\"},\"wordCount\":654,\"commentCount\":0,\"image\":{\"@id\":\"https:\\\/\\\/thesubscriber.net\\\/tr\\\/iphone-ve-ipad-icin-mutlaka-yapilmasi-gereken-guncelleme\\\/#primaryimage\"},\"thumbnailUrl\":\"https:\\\/\\\/thesubscriber.net\\\/tr\\\/wp-content\\\/uploads\\\/sites\\\/2\\\/2026\\\/03\\\/iPhone-ve-iPad.jpg\",\"keywords\":[\"apple\",\"iPad\",\"iphone\"],\"articleSection\":[\"Ak\u0131ll\u0131 Telefon\",\"G\u00fcvenlik\",\"Haberler\",\"iOS\",\"iPadOS\",\"\u0130\u015fletim Sistemleri\",\"Teknoloji\"],\"inLanguage\":\"tr\",\"potentialAction\":[{\"@type\":\"CommentAction\",\"name\":\"Comment\",\"target\":[\"https:\\\/\\\/thesubscriber.net\\\/tr\\\/iphone-ve-ipad-icin-mutlaka-yapilmasi-gereken-guncelleme\\\/#respond\"]}]},{\"@type\":\"WebPage\",\"@id\":\"https:\\\/\\\/thesubscriber.net\\\/tr\\\/iphone-ve-ipad-icin-mutlaka-yapilmasi-gereken-guncelleme\\\/\",\"url\":\"https:\\\/\\\/thesubscriber.net\\\/tr\\\/iphone-ve-ipad-icin-mutlaka-yapilmasi-gereken-guncelleme\\\/\",\"name\":\"iPhone ve iPad i\u00e7in mutlaka yap\u0131lmas\u0131 gereken g\u00fcncelleme - Subscriber\",\"isPartOf\":{\"@id\":\"https:\\\/\\\/thesubscriber.net\\\/tr\\\/#website\"},\"primaryImageOfPage\":{\"@id\":\"https:\\\/\\\/thesubscriber.net\\\/tr\\\/iphone-ve-ipad-icin-mutlaka-yapilmasi-gereken-guncelleme\\\/#primaryimage\"},\"image\":{\"@id\":\"https:\\\/\\\/thesubscriber.net\\\/tr\\\/iphone-ve-ipad-icin-mutlaka-yapilmasi-gereken-guncelleme\\\/#primaryimage\"},\"thumbnailUrl\":\"https:\\\/\\\/thesubscriber.net\\\/tr\\\/wp-content\\\/uploads\\\/sites\\\/2\\\/2026\\\/03\\\/iPhone-ve-iPad.jpg\",\"datePublished\":\"2026-03-12T15:10:10+00:00\",\"dateModified\":\"2026-03-12T15:10:20+00:00\",\"author\":{\"@id\":\"https:\\\/\\\/thesubscriber.net\\\/tr\\\/#\\\/schema\\\/person\\\/2f06d64f3456d81635b7313665b3db21\"},\"description\":\"Apple, eski iPhone ve iPad modelleri i\u00e7in Coruna ile ili\u015fkili kritik g\u00fcvenlik a\u00e7\u0131klar\u0131n\u0131 kapatan yeni g\u00fcncellemeler yay\u0131nlad\u0131.\",\"breadcrumb\":{\"@id\":\"https:\\\/\\\/thesubscriber.net\\\/tr\\\/iphone-ve-ipad-icin-mutlaka-yapilmasi-gereken-guncelleme\\\/#breadcrumb\"},\"inLanguage\":\"tr\",\"potentialAction\":[{\"@type\":\"ReadAction\",\"target\":[\"https:\\\/\\\/thesubscriber.net\\\/tr\\\/iphone-ve-ipad-icin-mutlaka-yapilmasi-gereken-guncelleme\\\/\"]}]},{\"@type\":\"ImageObject\",\"inLanguage\":\"tr\",\"@id\":\"https:\\\/\\\/thesubscriber.net\\\/tr\\\/iphone-ve-ipad-icin-mutlaka-yapilmasi-gereken-guncelleme\\\/#primaryimage\",\"url\":\"https:\\\/\\\/thesubscriber.net\\\/tr\\\/wp-content\\\/uploads\\\/sites\\\/2\\\/2026\\\/03\\\/iPhone-ve-iPad.jpg\",\"contentUrl\":\"https:\\\/\\\/thesubscriber.net\\\/tr\\\/wp-content\\\/uploads\\\/sites\\\/2\\\/2026\\\/03\\\/iPhone-ve-iPad.jpg\",\"width\":1280,\"height\":720},{\"@type\":\"BreadcrumbList\",\"@id\":\"https:\\\/\\\/thesubscriber.net\\\/tr\\\/iphone-ve-ipad-icin-mutlaka-yapilmasi-gereken-guncelleme\\\/#breadcrumb\",\"itemListElement\":[{\"@type\":\"ListItem\",\"position\":1,\"name\":\"Anasayfa\",\"item\":\"https:\\\/\\\/thesubscriber.net\\\/tr\\\/\"},{\"@type\":\"ListItem\",\"position\":2,\"name\":\"iPhone ve iPad i\u00e7in mutlaka yap\u0131lmas\u0131 gereken g\u00fcncelleme\"}]},{\"@type\":\"WebSite\",\"@id\":\"https:\\\/\\\/thesubscriber.net\\\/tr\\\/#website\",\"url\":\"https:\\\/\\\/thesubscriber.net\\\/tr\\\/\",\"name\":\"Subscriber\",\"description\":\"\",\"potentialAction\":[{\"@type\":\"SearchAction\",\"target\":{\"@type\":\"EntryPoint\",\"urlTemplate\":\"https:\\\/\\\/thesubscriber.net\\\/tr\\\/?s={search_term_string}\"},\"query-input\":{\"@type\":\"PropertyValueSpecification\",\"valueRequired\":true,\"valueName\":\"search_term_string\"}}],\"inLanguage\":\"tr\"},{\"@type\":\"Person\",\"@id\":\"https:\\\/\\\/thesubscriber.net\\\/tr\\\/#\\\/schema\\\/person\\\/2f06d64f3456d81635b7313665b3db21\",\"name\":\"info@thesubscriber.net\",\"image\":{\"@type\":\"ImageObject\",\"inLanguage\":\"tr\",\"@id\":\"https:\\\/\\\/secure.gravatar.com\\\/avatar\\\/2fdf9473b83df0025565e3e3c5545bc2b1072c42e329f6c9099aa79c00596be8?s=96&d=mm&r=g\",\"url\":\"https:\\\/\\\/secure.gravatar.com\\\/avatar\\\/2fdf9473b83df0025565e3e3c5545bc2b1072c42e329f6c9099aa79c00596be8?s=96&d=mm&r=g\",\"contentUrl\":\"https:\\\/\\\/secure.gravatar.com\\\/avatar\\\/2fdf9473b83df0025565e3e3c5545bc2b1072c42e329f6c9099aa79c00596be8?s=96&d=mm&r=g\",\"caption\":\"info@thesubscriber.net\"},\"sameAs\":[\"http:\\\/\\\/thesubscriber.net\"],\"url\":\"https:\\\/\\\/thesubscriber.net\\\/tr\\\/author\\\/infothesubscriber-net\\\/\"}]}<\/script>\n<!-- \/ Yoast SEO Premium plugin. -->","yoast_head_json":{"title":"iPhone ve iPad i\u00e7in mutlaka yap\u0131lmas\u0131 gereken g\u00fcncelleme - Subscriber","description":"Apple, eski iPhone ve iPad modelleri i\u00e7in Coruna ile ili\u015fkili kritik g\u00fcvenlik a\u00e7\u0131klar\u0131n\u0131 kapatan yeni g\u00fcncellemeler yay\u0131nlad\u0131.","robots":{"index":"index","follow":"follow","max-snippet":"max-snippet:-1","max-image-preview":"max-image-preview:large","max-video-preview":"max-video-preview:-1"},"canonical":"https:\/\/thesubscriber.net\/tr\/iphone-ve-ipad-icin-mutlaka-yapilmasi-gereken-guncelleme\/","og_locale":"tr_TR","og_type":"article","og_title":"iPhone ve iPad i\u00e7in mutlaka yap\u0131lmas\u0131 gereken g\u00fcncelleme","og_description":"Apple, eski iPhone ve iPad modelleri i\u00e7in Coruna ile ili\u015fkili kritik g\u00fcvenlik a\u00e7\u0131klar\u0131n\u0131 kapatan yeni g\u00fcncellemeler yay\u0131nlad\u0131.","og_url":"https:\/\/thesubscriber.net\/tr\/iphone-ve-ipad-icin-mutlaka-yapilmasi-gereken-guncelleme\/","og_site_name":"Subscriber","article_published_time":"2026-03-12T15:10:10+00:00","article_modified_time":"2026-03-12T15:10:20+00:00","og_image":[{"width":1280,"height":720,"url":"https:\/\/thesubscriber.net\/tr\/wp-content\/uploads\/sites\/2\/2026\/03\/iPhone-ve-iPad.jpg","type":"image\/jpeg"}],"author":"info@thesubscriber.net","twitter_card":"summary_large_image","twitter_misc":{"Yazan:":"info@thesubscriber.net","Tahmini okuma s\u00fcresi":"4 dakika"},"schema":{"@context":"https:\/\/schema.org","@graph":[{"@type":"Article","@id":"https:\/\/thesubscriber.net\/tr\/iphone-ve-ipad-icin-mutlaka-yapilmasi-gereken-guncelleme\/#article","isPartOf":{"@id":"https:\/\/thesubscriber.net\/tr\/iphone-ve-ipad-icin-mutlaka-yapilmasi-gereken-guncelleme\/"},"author":{"name":"info@thesubscriber.net","@id":"https:\/\/thesubscriber.net\/tr\/#\/schema\/person\/2f06d64f3456d81635b7313665b3db21"},"headline":"iPhone ve iPad i\u00e7in mutlaka yap\u0131lmas\u0131 gereken g\u00fcncelleme","datePublished":"2026-03-12T15:10:10+00:00","dateModified":"2026-03-12T15:10:20+00:00","mainEntityOfPage":{"@id":"https:\/\/thesubscriber.net\/tr\/iphone-ve-ipad-icin-mutlaka-yapilmasi-gereken-guncelleme\/"},"wordCount":654,"commentCount":0,"image":{"@id":"https:\/\/thesubscriber.net\/tr\/iphone-ve-ipad-icin-mutlaka-yapilmasi-gereken-guncelleme\/#primaryimage"},"thumbnailUrl":"https:\/\/thesubscriber.net\/tr\/wp-content\/uploads\/sites\/2\/2026\/03\/iPhone-ve-iPad.jpg","keywords":["apple","iPad","iphone"],"articleSection":["Ak\u0131ll\u0131 Telefon","G\u00fcvenlik","Haberler","iOS","iPadOS","\u0130\u015fletim Sistemleri","Teknoloji"],"inLanguage":"tr","potentialAction":[{"@type":"CommentAction","name":"Comment","target":["https:\/\/thesubscriber.net\/tr\/iphone-ve-ipad-icin-mutlaka-yapilmasi-gereken-guncelleme\/#respond"]}]},{"@type":"WebPage","@id":"https:\/\/thesubscriber.net\/tr\/iphone-ve-ipad-icin-mutlaka-yapilmasi-gereken-guncelleme\/","url":"https:\/\/thesubscriber.net\/tr\/iphone-ve-ipad-icin-mutlaka-yapilmasi-gereken-guncelleme\/","name":"iPhone ve iPad i\u00e7in mutlaka yap\u0131lmas\u0131 gereken g\u00fcncelleme - Subscriber","isPartOf":{"@id":"https:\/\/thesubscriber.net\/tr\/#website"},"primaryImageOfPage":{"@id":"https:\/\/thesubscriber.net\/tr\/iphone-ve-ipad-icin-mutlaka-yapilmasi-gereken-guncelleme\/#primaryimage"},"image":{"@id":"https:\/\/thesubscriber.net\/tr\/iphone-ve-ipad-icin-mutlaka-yapilmasi-gereken-guncelleme\/#primaryimage"},"thumbnailUrl":"https:\/\/thesubscriber.net\/tr\/wp-content\/uploads\/sites\/2\/2026\/03\/iPhone-ve-iPad.jpg","datePublished":"2026-03-12T15:10:10+00:00","dateModified":"2026-03-12T15:10:20+00:00","author":{"@id":"https:\/\/thesubscriber.net\/tr\/#\/schema\/person\/2f06d64f3456d81635b7313665b3db21"},"description":"Apple, eski iPhone ve iPad modelleri i\u00e7in Coruna ile ili\u015fkili kritik g\u00fcvenlik a\u00e7\u0131klar\u0131n\u0131 kapatan yeni g\u00fcncellemeler yay\u0131nlad\u0131.","breadcrumb":{"@id":"https:\/\/thesubscriber.net\/tr\/iphone-ve-ipad-icin-mutlaka-yapilmasi-gereken-guncelleme\/#breadcrumb"},"inLanguage":"tr","potentialAction":[{"@type":"ReadAction","target":["https:\/\/thesubscriber.net\/tr\/iphone-ve-ipad-icin-mutlaka-yapilmasi-gereken-guncelleme\/"]}]},{"@type":"ImageObject","inLanguage":"tr","@id":"https:\/\/thesubscriber.net\/tr\/iphone-ve-ipad-icin-mutlaka-yapilmasi-gereken-guncelleme\/#primaryimage","url":"https:\/\/thesubscriber.net\/tr\/wp-content\/uploads\/sites\/2\/2026\/03\/iPhone-ve-iPad.jpg","contentUrl":"https:\/\/thesubscriber.net\/tr\/wp-content\/uploads\/sites\/2\/2026\/03\/iPhone-ve-iPad.jpg","width":1280,"height":720},{"@type":"BreadcrumbList","@id":"https:\/\/thesubscriber.net\/tr\/iphone-ve-ipad-icin-mutlaka-yapilmasi-gereken-guncelleme\/#breadcrumb","itemListElement":[{"@type":"ListItem","position":1,"name":"Anasayfa","item":"https:\/\/thesubscriber.net\/tr\/"},{"@type":"ListItem","position":2,"name":"iPhone ve iPad i\u00e7in mutlaka yap\u0131lmas\u0131 gereken g\u00fcncelleme"}]},{"@type":"WebSite","@id":"https:\/\/thesubscriber.net\/tr\/#website","url":"https:\/\/thesubscriber.net\/tr\/","name":"Subscriber","description":"","potentialAction":[{"@type":"SearchAction","target":{"@type":"EntryPoint","urlTemplate":"https:\/\/thesubscriber.net\/tr\/?s={search_term_string}"},"query-input":{"@type":"PropertyValueSpecification","valueRequired":true,"valueName":"search_term_string"}}],"inLanguage":"tr"},{"@type":"Person","@id":"https:\/\/thesubscriber.net\/tr\/#\/schema\/person\/2f06d64f3456d81635b7313665b3db21","name":"info@thesubscriber.net","image":{"@type":"ImageObject","inLanguage":"tr","@id":"https:\/\/secure.gravatar.com\/avatar\/2fdf9473b83df0025565e3e3c5545bc2b1072c42e329f6c9099aa79c00596be8?s=96&d=mm&r=g","url":"https:\/\/secure.gravatar.com\/avatar\/2fdf9473b83df0025565e3e3c5545bc2b1072c42e329f6c9099aa79c00596be8?s=96&d=mm&r=g","contentUrl":"https:\/\/secure.gravatar.com\/avatar\/2fdf9473b83df0025565e3e3c5545bc2b1072c42e329f6c9099aa79c00596be8?s=96&d=mm&r=g","caption":"info@thesubscriber.net"},"sameAs":["http:\/\/thesubscriber.net"],"url":"https:\/\/thesubscriber.net\/tr\/author\/infothesubscriber-net\/"}]}},"_links":{"self":[{"href":"https:\/\/thesubscriber.net\/tr\/wp-json\/wp\/v2\/posts\/862","targetHints":{"allow":["GET"]}}],"collection":[{"href":"https:\/\/thesubscriber.net\/tr\/wp-json\/wp\/v2\/posts"}],"about":[{"href":"https:\/\/thesubscriber.net\/tr\/wp-json\/wp\/v2\/types\/post"}],"author":[{"embeddable":true,"href":"https:\/\/thesubscriber.net\/tr\/wp-json\/wp\/v2\/users\/1"}],"replies":[{"embeddable":true,"href":"https:\/\/thesubscriber.net\/tr\/wp-json\/wp\/v2\/comments?post=862"}],"version-history":[{"count":2,"href":"https:\/\/thesubscriber.net\/tr\/wp-json\/wp\/v2\/posts\/862\/revisions"}],"predecessor-version":[{"id":866,"href":"https:\/\/thesubscriber.net\/tr\/wp-json\/wp\/v2\/posts\/862\/revisions\/866"}],"wp:featuredmedia":[{"embeddable":true,"href":"https:\/\/thesubscriber.net\/tr\/wp-json\/wp\/v2\/media\/863"}],"wp:attachment":[{"href":"https:\/\/thesubscriber.net\/tr\/wp-json\/wp\/v2\/media?parent=862"}],"wp:term":[{"taxonomy":"category","embeddable":true,"href":"https:\/\/thesubscriber.net\/tr\/wp-json\/wp\/v2\/categories?post=862"},{"taxonomy":"post_tag","embeddable":true,"href":"https:\/\/thesubscriber.net\/tr\/wp-json\/wp\/v2\/tags?post=862"}],"curies":[{"name":"wp","href":"https:\/\/api.w.org\/{rel}","templated":true}]}}