{"id":857,"date":"2026-03-12T16:56:28","date_gmt":"2026-03-12T13:56:28","guid":{"rendered":"https:\/\/thesubscriber.net\/tr\/?p=857"},"modified":"2026-03-12T16:56:29","modified_gmt":"2026-03-12T13:56:29","slug":"apple-neden-monitore-a19-pro-islemci-ve-128-gb-koydu","status":"publish","type":"post","link":"https:\/\/thesubscriber.net\/tr\/apple-neden-monitore-a19-pro-islemci-ve-128-gb-koydu\/","title":{"rendered":"Apple neden monit\u00f6re A19 Pro i\u015flemci ve 128 GB koydu?"},"content":{"rendered":"\n<p>Apple\u2019\u0131n yeni Studio Display modellerinde A19 ve A19 Pro i\u015flemcilere, 128 GB dahili depolamaya ve ek belle\u011fe yer vermesi bir\u00e7ok kullan\u0131c\u0131da ayn\u0131 soruyu do\u011furdu: Madem monit\u00f6r\u00fcn i\u00e7inde bu kadar g\u00fc\u00e7l\u00fc donan\u0131m var, neden bu cihaz do\u011frudan iMac gibi tek ba\u015f\u0131na \u00e7al\u0131\u015fm\u0131yor? <\/p>\n\n\n\n<p>\u00d6zellikle A serisi \u00e7iplerle farkl\u0131 \u00fcr\u00fcn ihtimallerinin konu\u015fuldu\u011fu bir d\u00f6nemde bu soru daha da g\u00f6r\u00fcn\u00fcr hale geldi. Ancak Apple\u2019\u0131n Studio Display taraf\u0131ndaki yakla\u015f\u0131m\u0131, bu donan\u0131m\u0131n amac\u0131n\u0131n ba\u011f\u0131ms\u0131z bir bilgisayar yaratmak de\u011fil, ekran\u0131n kendi ak\u0131ll\u0131 sistemini \u00e7al\u0131\u015ft\u0131rmak oldu\u011funu g\u00f6steriyor.<\/p>\n\n\n\n<h2 class=\"wp-block-heading\" id=\"h-studio-display-icindeki-donanim-kullanici-depolamasi-icin-degil-ekranin-kendi-isleyisi-icin-kullaniliyor\">Studio Display i\u00e7indeki donan\u0131m, kullan\u0131c\u0131 depolamas\u0131 i\u00e7in de\u011fil ekran\u0131n kendi i\u015fleyi\u015fi i\u00e7in kullan\u0131l\u0131yor<\/h2>\n\n\n\n<p>Apple, Studio Display modellerinde A serisi \u00e7ipleri monit\u00f6r\u00fc ba\u011f\u0131ms\u0131z bir Mac\u2019e d\u00f6n\u00fc\u015ft\u00fcrmek i\u00e7in kullanm\u0131yor. Bu i\u015flemciler, ekran\u0131n i\u00e7inde \u00e7al\u0131\u015fan iOS tabanl\u0131 sistem altyap\u0131s\u0131n\u0131 y\u00f6netiyor. <\/p>\n\n\n\n<figure class=\"wp-block-image size-large\"><img loading=\"lazy\" decoding=\"async\" width=\"1024\" height=\"576\" src=\"https:\/\/thesubscriber.net\/tr\/wp-content\/uploads\/sites\/2\/2026\/03\/Studio-Display-3-1024x576.jpg\" alt=\"\" class=\"wp-image-859\" srcset=\"https:\/\/thesubscriber.net\/tr\/wp-content\/uploads\/sites\/2\/2026\/03\/Studio-Display-3-1024x576.jpg 1024w, https:\/\/thesubscriber.net\/tr\/wp-content\/uploads\/sites\/2\/2026\/03\/Studio-Display-3-300x169.jpg 300w, https:\/\/thesubscriber.net\/tr\/wp-content\/uploads\/sites\/2\/2026\/03\/Studio-Display-3-768x432.jpg 768w, https:\/\/thesubscriber.net\/tr\/wp-content\/uploads\/sites\/2\/2026\/03\/Studio-Display-3-696x392.jpg 696w, https:\/\/thesubscriber.net\/tr\/wp-content\/uploads\/sites\/2\/2026\/03\/Studio-Display-3-1068x601.jpg 1068w, https:\/\/thesubscriber.net\/tr\/wp-content\/uploads\/sites\/2\/2026\/03\/Studio-Display-3.jpg 1280w\" sizes=\"auto, (max-width: 1024px) 100vw, 1024px\" \/><\/figure>\n\n\n\n<p>Kamera taraf\u0131nda Center Stage i\u015flemleri, renk kalibrasyonu, USB ve Thunderbolt ayg\u0131t y\u00f6netimi, uzamsal ses i\u015fleme ve ekran\u0131n arka plandaki di\u011fer ak\u0131ll\u0131 i\u015flevleri bu donan\u0131m \u00fczerinden y\u00fcr\u00fct\u00fcl\u00fcyor.<\/p>\n\n\n\n<p>128 GB depolama alan\u0131 da do\u011frudan bu i\u00e7 sistem i\u00e7in ayr\u0131l\u0131yor. Bu kapasite, kullan\u0131c\u0131 dosyalar\u0131n\u0131n kaydedilece\u011fi ya da d\u0131\u015far\u0131dan eri\u015filebilecek bir SSD alan\u0131 anlam\u0131na gelmiyor. <\/p>\n\n\n\n<p>Depolama ekran\u0131n mevcut yaz\u0131l\u0131m\u0131n\u0131 tutmak, ileride yay\u0131nlanacak firmware g\u00fcncellemelerini indirmek ve kurmak, tan\u0131lama s\u00fcre\u00e7lerini y\u00fcr\u00fctmek ve sistem taraf\u0131ndaki \u00e7e\u015fitli servisleri \u00e7al\u0131\u015ft\u0131rmak i\u00e7in kullan\u0131l\u0131yor.<\/p>\n\n\n\n<figure class=\"wp-block-image size-large\"><img loading=\"lazy\" decoding=\"async\" width=\"1024\" height=\"576\" src=\"https:\/\/thesubscriber.net\/tr\/wp-content\/uploads\/sites\/2\/2026\/03\/Studio-Display-2-1024x576.webp\" alt=\"\" class=\"wp-image-860\" srcset=\"https:\/\/thesubscriber.net\/tr\/wp-content\/uploads\/sites\/2\/2026\/03\/Studio-Display-2-1024x576.webp 1024w, https:\/\/thesubscriber.net\/tr\/wp-content\/uploads\/sites\/2\/2026\/03\/Studio-Display-2-300x169.webp 300w, https:\/\/thesubscriber.net\/tr\/wp-content\/uploads\/sites\/2\/2026\/03\/Studio-Display-2-768x432.webp 768w, https:\/\/thesubscriber.net\/tr\/wp-content\/uploads\/sites\/2\/2026\/03\/Studio-Display-2-696x392.webp 696w, https:\/\/thesubscriber.net\/tr\/wp-content\/uploads\/sites\/2\/2026\/03\/Studio-Display-2-1068x601.webp 1068w, https:\/\/thesubscriber.net\/tr\/wp-content\/uploads\/sites\/2\/2026\/03\/Studio-Display-2.webp 1280w\" sizes=\"auto, (max-width: 1024px) 100vw, 1024px\" \/><\/figure>\n\n\n\n<p>\u00d6nceki nesil Studio Display modelinde 64 GB depolama yer al\u0131yordu. Yeni modellerde bu kapasite 128 GB\u2019a \u00e7\u0131km\u0131\u015f durumda. Apple\u2019\u0131n burada daha k\u00fc\u00e7\u00fck kapasiteli \u00f6zel depolama mod\u00fclleri geli\u015ftirmek yerine, iPhone tedarik zincirinde zaten kulland\u0131\u011f\u0131 NAND bile\u015fenlerinden faydalanmay\u0131 tercih etmi\u015f olabilece\u011fi d\u00fc\u015f\u00fcn\u00fcl\u00fcyor. <\/p>\n\n\n\n<p>Bu da \u00fcretim ve tedarik taraf\u0131nda daha pratik bir yol anlam\u0131na geliyor. Teknik olarak 128 GB\u2019\u0131n tamam\u0131na ihtiya\u00e7 duyulmamas\u0131 da bu ihtimali g\u00fc\u00e7lendiriyor.<\/p>\n\n\n\n<p>Yeni Studio Display taraf\u0131nda RAM miktar\u0131 da art\u0131r\u0131lm\u0131\u015f durumda. Standart Studio Display modelinde 8 GB RAM yer al\u0131rken, Studio Display XDR modelinde 12 GB RAM bulunuyor. <\/p>\n\n\n\n<p>Bu bellek de monit\u00f6r\u00fcn kendi yaz\u0131l\u0131m i\u015flevleri, g\u00f6r\u00fcnt\u00fc i\u015fleme g\u00f6revleri ve arka plandaki sistem y\u00fckleri i\u00e7in kullan\u0131l\u0131yor. Buradaki RAM, macOS \u00e7al\u0131\u015ft\u0131ran bir bilgisayardaki kullan\u0131c\u0131 belle\u011fi gibi de\u011ferlendirilmemeli.<\/p>\n\n\n\n<p>Tam bu noktada Apple A serisi \u00e7iplerle ba\u015fka bilgisayarlar yapabiliyorsa, neden Studio Display\u2019i iMac gibi ba\u011f\u0131ms\u0131z \u00e7al\u0131\u015ft\u0131rm\u0131yor sorusu g\u00fcndeme geliyor. Ka\u011f\u0131t \u00fczerinde g\u00fc\u00e7l\u00fc bir mobil i\u015flemci, yeterli RAM ve depolama ile hafif bir bilgisayar deneyimi olu\u015fturmak m\u00fcmk\u00fcn g\u00f6r\u00fcnebilir. <\/p>\n\n\n\n<p>Fakat Apple bu \u00fcr\u00fcn\u00fc o mant\u0131kla tasarlam\u0131\u015f de\u011fil. Studio Display hala bir harici monit\u00f6r olarak konumlan\u0131yor. \u0130\u00e7indeki donan\u0131m, ekran\u0131 ba\u015fl\u0131 ba\u015f\u0131na bir macOS cihaz\u0131na \u00e7evirmek yerine ekran\u0131n ak\u0131ll\u0131 \u00f6zelliklerini daha g\u00fc\u00e7l\u00fc \u015fekilde \u00e7al\u0131\u015ft\u0131rmak i\u00e7in kullan\u0131l\u0131yor.<\/p>\n\n\n\n<p>Yani Apple asl\u0131nda monit\u00f6r\u00fcn i\u00e7ine k\u00fc\u00e7\u00fck bir i\u015flem altyap\u0131s\u0131 yerle\u015ftirmi\u015f durumda. Fakat bunu kullan\u0131c\u0131ya a\u00e7\u0131k, masa\u00fcst\u00fc i\u015fletim sistemi \u00e7al\u0131\u015ft\u0131ran ba\u011f\u0131ms\u0131z bir bilgisayar haline getirmiyor. <\/p>\n\n\n\n<p>\u00dcr\u00fcn, bir Mac\u2019e ba\u011fl\u0131 \u015fekilde \u00e7al\u0131\u015fmay\u0131 s\u00fcrd\u00fcr\u00fcyor. Dahili i\u015flemci, bellek ve depolama ise kamera, ses, ba\u011flant\u0131 y\u00f6netimi, sistem tepkileri ve g\u00fcncelleme altyap\u0131s\u0131 gibi g\u00f6revleri arka planda y\u00fcr\u00fct\u00fcyor.<\/p>\n\n\n\n<p>K\u0131sacas\u0131 Apple\u2019\u0131n Studio Display i\u00e7inde A19 Pro i\u015flemci, RAM ve 128 GB depolama kullanmas\u0131, ekran\u0131n i\u00e7ine gizlenmi\u015f bir iMac oldu\u011fu anlam\u0131na gelmiyor. Bu donan\u0131m paketi, monit\u00f6r\u00fcn kendi i\u015fletim sistemi benzeri altyap\u0131s\u0131n\u0131, kamera i\u015flevlerini, ses teknolojilerini ve ba\u011flant\u0131 y\u00f6netimini destekliyor. Kullan\u0131c\u0131n\u0131n kar\u015f\u0131s\u0131nda h\u00e2l\u00e2 bir ekran var. Ancak bu ekran\u0131n i\u00e7inde art\u0131k \u00e7ok daha g\u00fc\u00e7l\u00fc bir kontrol sistemi \u00e7al\u0131\u015f\u0131yor.<\/p>\n","protected":false},"excerpt":{"rendered":"<p>Apple\u2019\u0131n yeni Studio Display modellerinde A19 ve A19 Pro i\u015flemcilere, 128 GB dahili depolamaya ve ek belle\u011fe yer vermesi bir\u00e7ok kullan\u0131c\u0131da ayn\u0131 soruyu do\u011furdu: Madem monit\u00f6r\u00fcn i\u00e7inde bu kadar g\u00fc\u00e7l\u00fc donan\u0131m var, neden bu cihaz do\u011frudan iMac gibi tek ba\u015f\u0131na \u00e7al\u0131\u015fm\u0131yor? \u00d6zellikle A serisi \u00e7iplerle farkl\u0131 \u00fcr\u00fcn ihtimallerinin konu\u015fuldu\u011fu bir d\u00f6nemde bu soru daha da [&hellip;]<\/p>\n","protected":false},"author":1,"featured_media":858,"comment_status":"open","ping_status":"open","sticky":false,"template":"","format":"standard","meta":{"footnotes":""},"categories":[23,1,102,65],"tags":[72,255],"class_list":{"0":"post-857","1":"post","2":"type-post","3":"status-publish","4":"format-standard","5":"has-post-thumbnail","7":"category-bilgisayar","8":"category-haberler","9":"category-mac","10":"category-teknoloji","11":"tag-apple","12":"tag-studio-display"},"yoast_head":"<!-- This site is optimized with the Yoast SEO Premium plugin v24.6 (Yoast SEO v27.4) - https:\/\/yoast.com\/product\/yoast-seo-premium-wordpress\/ -->\n<title>Apple neden monit\u00f6re A19 Pro i\u015flemci ve 128 GB koydu? - Subscriber<\/title>\n<meta name=\"description\" content=\"Apple\u2019\u0131n yeni Studio Display modellerinde A19 Pro i\u015flemcilere ve 128 GB depolamaya yer vermesi bir\u00e7ok kullan\u0131c\u0131da ayn\u0131 soruyu do\u011furdu.\" \/>\n<meta name=\"robots\" content=\"index, follow, max-snippet:-1, max-image-preview:large, max-video-preview:-1\" \/>\n<link rel=\"canonical\" href=\"https:\/\/thesubscriber.net\/tr\/apple-neden-monitore-a19-pro-islemci-ve-128-gb-koydu\/\" \/>\n<meta property=\"og:locale\" content=\"tr_TR\" \/>\n<meta property=\"og:type\" content=\"article\" \/>\n<meta property=\"og:title\" content=\"Apple neden monit\u00f6re A19 Pro i\u015flemci ve 128 GB koydu?\" \/>\n<meta property=\"og:description\" content=\"Apple\u2019\u0131n yeni Studio Display modellerinde A19 Pro i\u015flemcilere ve 128 GB depolamaya yer vermesi bir\u00e7ok kullan\u0131c\u0131da ayn\u0131 soruyu do\u011furdu.\" \/>\n<meta property=\"og:url\" content=\"https:\/\/thesubscriber.net\/tr\/apple-neden-monitore-a19-pro-islemci-ve-128-gb-koydu\/\" \/>\n<meta property=\"og:site_name\" content=\"Subscriber\" \/>\n<meta property=\"article:published_time\" content=\"2026-03-12T13:56:28+00:00\" \/>\n<meta property=\"article:modified_time\" content=\"2026-03-12T13:56:29+00:00\" \/>\n<meta property=\"og:image\" content=\"https:\/\/thesubscriber.net\/tr\/wp-content\/uploads\/sites\/2\/2026\/03\/Studio-Display.webp\" \/>\n\t<meta property=\"og:image:width\" content=\"1280\" \/>\n\t<meta property=\"og:image:height\" content=\"720\" \/>\n\t<meta property=\"og:image:type\" content=\"image\/webp\" \/>\n<meta name=\"author\" content=\"info@thesubscriber.net\" \/>\n<meta name=\"twitter:card\" content=\"summary_large_image\" \/>\n<meta name=\"twitter:label1\" content=\"Yazan:\" \/>\n\t<meta name=\"twitter:data1\" content=\"info@thesubscriber.net\" \/>\n\t<meta name=\"twitter:label2\" content=\"Tahmini okuma s\u00fcresi\" \/>\n\t<meta name=\"twitter:data2\" content=\"4 dakika\" \/>\n<script type=\"application\/ld+json\" class=\"yoast-schema-graph\">{\"@context\":\"https:\\\/\\\/schema.org\",\"@graph\":[{\"@type\":\"Article\",\"@id\":\"https:\\\/\\\/thesubscriber.net\\\/tr\\\/apple-neden-monitore-a19-pro-islemci-ve-128-gb-koydu\\\/#article\",\"isPartOf\":{\"@id\":\"https:\\\/\\\/thesubscriber.net\\\/tr\\\/apple-neden-monitore-a19-pro-islemci-ve-128-gb-koydu\\\/\"},\"author\":{\"name\":\"info@thesubscriber.net\",\"@id\":\"https:\\\/\\\/thesubscriber.net\\\/tr\\\/#\\\/schema\\\/person\\\/2f06d64f3456d81635b7313665b3db21\"},\"headline\":\"Apple neden monit\u00f6re A19 Pro i\u015flemci ve 128 GB koydu?\",\"datePublished\":\"2026-03-12T13:56:28+00:00\",\"dateModified\":\"2026-03-12T13:56:29+00:00\",\"mainEntityOfPage\":{\"@id\":\"https:\\\/\\\/thesubscriber.net\\\/tr\\\/apple-neden-monitore-a19-pro-islemci-ve-128-gb-koydu\\\/\"},\"wordCount\":732,\"commentCount\":0,\"image\":{\"@id\":\"https:\\\/\\\/thesubscriber.net\\\/tr\\\/apple-neden-monitore-a19-pro-islemci-ve-128-gb-koydu\\\/#primaryimage\"},\"thumbnailUrl\":\"https:\\\/\\\/thesubscriber.net\\\/tr\\\/wp-content\\\/uploads\\\/sites\\\/2\\\/2026\\\/03\\\/Studio-Display.webp\",\"keywords\":[\"apple\",\"Studio Display\"],\"articleSection\":[\"Bilgisayar\",\"Haberler\",\"Mac\",\"Teknoloji\"],\"inLanguage\":\"tr\",\"potentialAction\":[{\"@type\":\"CommentAction\",\"name\":\"Comment\",\"target\":[\"https:\\\/\\\/thesubscriber.net\\\/tr\\\/apple-neden-monitore-a19-pro-islemci-ve-128-gb-koydu\\\/#respond\"]}]},{\"@type\":\"WebPage\",\"@id\":\"https:\\\/\\\/thesubscriber.net\\\/tr\\\/apple-neden-monitore-a19-pro-islemci-ve-128-gb-koydu\\\/\",\"url\":\"https:\\\/\\\/thesubscriber.net\\\/tr\\\/apple-neden-monitore-a19-pro-islemci-ve-128-gb-koydu\\\/\",\"name\":\"Apple neden monit\u00f6re A19 Pro i\u015flemci ve 128 GB koydu? - Subscriber\",\"isPartOf\":{\"@id\":\"https:\\\/\\\/thesubscriber.net\\\/tr\\\/#website\"},\"primaryImageOfPage\":{\"@id\":\"https:\\\/\\\/thesubscriber.net\\\/tr\\\/apple-neden-monitore-a19-pro-islemci-ve-128-gb-koydu\\\/#primaryimage\"},\"image\":{\"@id\":\"https:\\\/\\\/thesubscriber.net\\\/tr\\\/apple-neden-monitore-a19-pro-islemci-ve-128-gb-koydu\\\/#primaryimage\"},\"thumbnailUrl\":\"https:\\\/\\\/thesubscriber.net\\\/tr\\\/wp-content\\\/uploads\\\/sites\\\/2\\\/2026\\\/03\\\/Studio-Display.webp\",\"datePublished\":\"2026-03-12T13:56:28+00:00\",\"dateModified\":\"2026-03-12T13:56:29+00:00\",\"author\":{\"@id\":\"https:\\\/\\\/thesubscriber.net\\\/tr\\\/#\\\/schema\\\/person\\\/2f06d64f3456d81635b7313665b3db21\"},\"description\":\"Apple\u2019\u0131n yeni Studio Display modellerinde A19 Pro i\u015flemcilere ve 128 GB depolamaya yer vermesi bir\u00e7ok kullan\u0131c\u0131da ayn\u0131 soruyu do\u011furdu.\",\"breadcrumb\":{\"@id\":\"https:\\\/\\\/thesubscriber.net\\\/tr\\\/apple-neden-monitore-a19-pro-islemci-ve-128-gb-koydu\\\/#breadcrumb\"},\"inLanguage\":\"tr\",\"potentialAction\":[{\"@type\":\"ReadAction\",\"target\":[\"https:\\\/\\\/thesubscriber.net\\\/tr\\\/apple-neden-monitore-a19-pro-islemci-ve-128-gb-koydu\\\/\"]}]},{\"@type\":\"ImageObject\",\"inLanguage\":\"tr\",\"@id\":\"https:\\\/\\\/thesubscriber.net\\\/tr\\\/apple-neden-monitore-a19-pro-islemci-ve-128-gb-koydu\\\/#primaryimage\",\"url\":\"https:\\\/\\\/thesubscriber.net\\\/tr\\\/wp-content\\\/uploads\\\/sites\\\/2\\\/2026\\\/03\\\/Studio-Display.webp\",\"contentUrl\":\"https:\\\/\\\/thesubscriber.net\\\/tr\\\/wp-content\\\/uploads\\\/sites\\\/2\\\/2026\\\/03\\\/Studio-Display.webp\",\"width\":1280,\"height\":720},{\"@type\":\"BreadcrumbList\",\"@id\":\"https:\\\/\\\/thesubscriber.net\\\/tr\\\/apple-neden-monitore-a19-pro-islemci-ve-128-gb-koydu\\\/#breadcrumb\",\"itemListElement\":[{\"@type\":\"ListItem\",\"position\":1,\"name\":\"Anasayfa\",\"item\":\"https:\\\/\\\/thesubscriber.net\\\/tr\\\/\"},{\"@type\":\"ListItem\",\"position\":2,\"name\":\"Apple neden monit\u00f6re A19 Pro i\u015flemci ve 128 GB koydu?\"}]},{\"@type\":\"WebSite\",\"@id\":\"https:\\\/\\\/thesubscriber.net\\\/tr\\\/#website\",\"url\":\"https:\\\/\\\/thesubscriber.net\\\/tr\\\/\",\"name\":\"Subscriber\",\"description\":\"\",\"potentialAction\":[{\"@type\":\"SearchAction\",\"target\":{\"@type\":\"EntryPoint\",\"urlTemplate\":\"https:\\\/\\\/thesubscriber.net\\\/tr\\\/?s={search_term_string}\"},\"query-input\":{\"@type\":\"PropertyValueSpecification\",\"valueRequired\":true,\"valueName\":\"search_term_string\"}}],\"inLanguage\":\"tr\"},{\"@type\":\"Person\",\"@id\":\"https:\\\/\\\/thesubscriber.net\\\/tr\\\/#\\\/schema\\\/person\\\/2f06d64f3456d81635b7313665b3db21\",\"name\":\"info@thesubscriber.net\",\"image\":{\"@type\":\"ImageObject\",\"inLanguage\":\"tr\",\"@id\":\"https:\\\/\\\/secure.gravatar.com\\\/avatar\\\/2fdf9473b83df0025565e3e3c5545bc2b1072c42e329f6c9099aa79c00596be8?s=96&d=mm&r=g\",\"url\":\"https:\\\/\\\/secure.gravatar.com\\\/avatar\\\/2fdf9473b83df0025565e3e3c5545bc2b1072c42e329f6c9099aa79c00596be8?s=96&d=mm&r=g\",\"contentUrl\":\"https:\\\/\\\/secure.gravatar.com\\\/avatar\\\/2fdf9473b83df0025565e3e3c5545bc2b1072c42e329f6c9099aa79c00596be8?s=96&d=mm&r=g\",\"caption\":\"info@thesubscriber.net\"},\"sameAs\":[\"http:\\\/\\\/thesubscriber.net\"],\"url\":\"https:\\\/\\\/thesubscriber.net\\\/tr\\\/author\\\/infothesubscriber-net\\\/\"}]}<\/script>\n<!-- \/ Yoast SEO Premium plugin. -->","yoast_head_json":{"title":"Apple neden monit\u00f6re A19 Pro i\u015flemci ve 128 GB koydu? - Subscriber","description":"Apple\u2019\u0131n yeni Studio Display modellerinde A19 Pro i\u015flemcilere ve 128 GB depolamaya yer vermesi bir\u00e7ok kullan\u0131c\u0131da ayn\u0131 soruyu do\u011furdu.","robots":{"index":"index","follow":"follow","max-snippet":"max-snippet:-1","max-image-preview":"max-image-preview:large","max-video-preview":"max-video-preview:-1"},"canonical":"https:\/\/thesubscriber.net\/tr\/apple-neden-monitore-a19-pro-islemci-ve-128-gb-koydu\/","og_locale":"tr_TR","og_type":"article","og_title":"Apple neden monit\u00f6re A19 Pro i\u015flemci ve 128 GB koydu?","og_description":"Apple\u2019\u0131n yeni Studio Display modellerinde A19 Pro i\u015flemcilere ve 128 GB depolamaya yer vermesi bir\u00e7ok kullan\u0131c\u0131da ayn\u0131 soruyu do\u011furdu.","og_url":"https:\/\/thesubscriber.net\/tr\/apple-neden-monitore-a19-pro-islemci-ve-128-gb-koydu\/","og_site_name":"Subscriber","article_published_time":"2026-03-12T13:56:28+00:00","article_modified_time":"2026-03-12T13:56:29+00:00","og_image":[{"width":1280,"height":720,"url":"https:\/\/thesubscriber.net\/tr\/wp-content\/uploads\/sites\/2\/2026\/03\/Studio-Display.webp","type":"image\/webp"}],"author":"info@thesubscriber.net","twitter_card":"summary_large_image","twitter_misc":{"Yazan:":"info@thesubscriber.net","Tahmini okuma s\u00fcresi":"4 dakika"},"schema":{"@context":"https:\/\/schema.org","@graph":[{"@type":"Article","@id":"https:\/\/thesubscriber.net\/tr\/apple-neden-monitore-a19-pro-islemci-ve-128-gb-koydu\/#article","isPartOf":{"@id":"https:\/\/thesubscriber.net\/tr\/apple-neden-monitore-a19-pro-islemci-ve-128-gb-koydu\/"},"author":{"name":"info@thesubscriber.net","@id":"https:\/\/thesubscriber.net\/tr\/#\/schema\/person\/2f06d64f3456d81635b7313665b3db21"},"headline":"Apple neden monit\u00f6re A19 Pro i\u015flemci ve 128 GB koydu?","datePublished":"2026-03-12T13:56:28+00:00","dateModified":"2026-03-12T13:56:29+00:00","mainEntityOfPage":{"@id":"https:\/\/thesubscriber.net\/tr\/apple-neden-monitore-a19-pro-islemci-ve-128-gb-koydu\/"},"wordCount":732,"commentCount":0,"image":{"@id":"https:\/\/thesubscriber.net\/tr\/apple-neden-monitore-a19-pro-islemci-ve-128-gb-koydu\/#primaryimage"},"thumbnailUrl":"https:\/\/thesubscriber.net\/tr\/wp-content\/uploads\/sites\/2\/2026\/03\/Studio-Display.webp","keywords":["apple","Studio Display"],"articleSection":["Bilgisayar","Haberler","Mac","Teknoloji"],"inLanguage":"tr","potentialAction":[{"@type":"CommentAction","name":"Comment","target":["https:\/\/thesubscriber.net\/tr\/apple-neden-monitore-a19-pro-islemci-ve-128-gb-koydu\/#respond"]}]},{"@type":"WebPage","@id":"https:\/\/thesubscriber.net\/tr\/apple-neden-monitore-a19-pro-islemci-ve-128-gb-koydu\/","url":"https:\/\/thesubscriber.net\/tr\/apple-neden-monitore-a19-pro-islemci-ve-128-gb-koydu\/","name":"Apple neden monit\u00f6re A19 Pro i\u015flemci ve 128 GB koydu? - Subscriber","isPartOf":{"@id":"https:\/\/thesubscriber.net\/tr\/#website"},"primaryImageOfPage":{"@id":"https:\/\/thesubscriber.net\/tr\/apple-neden-monitore-a19-pro-islemci-ve-128-gb-koydu\/#primaryimage"},"image":{"@id":"https:\/\/thesubscriber.net\/tr\/apple-neden-monitore-a19-pro-islemci-ve-128-gb-koydu\/#primaryimage"},"thumbnailUrl":"https:\/\/thesubscriber.net\/tr\/wp-content\/uploads\/sites\/2\/2026\/03\/Studio-Display.webp","datePublished":"2026-03-12T13:56:28+00:00","dateModified":"2026-03-12T13:56:29+00:00","author":{"@id":"https:\/\/thesubscriber.net\/tr\/#\/schema\/person\/2f06d64f3456d81635b7313665b3db21"},"description":"Apple\u2019\u0131n yeni Studio Display modellerinde A19 Pro i\u015flemcilere ve 128 GB depolamaya yer vermesi bir\u00e7ok kullan\u0131c\u0131da ayn\u0131 soruyu do\u011furdu.","breadcrumb":{"@id":"https:\/\/thesubscriber.net\/tr\/apple-neden-monitore-a19-pro-islemci-ve-128-gb-koydu\/#breadcrumb"},"inLanguage":"tr","potentialAction":[{"@type":"ReadAction","target":["https:\/\/thesubscriber.net\/tr\/apple-neden-monitore-a19-pro-islemci-ve-128-gb-koydu\/"]}]},{"@type":"ImageObject","inLanguage":"tr","@id":"https:\/\/thesubscriber.net\/tr\/apple-neden-monitore-a19-pro-islemci-ve-128-gb-koydu\/#primaryimage","url":"https:\/\/thesubscriber.net\/tr\/wp-content\/uploads\/sites\/2\/2026\/03\/Studio-Display.webp","contentUrl":"https:\/\/thesubscriber.net\/tr\/wp-content\/uploads\/sites\/2\/2026\/03\/Studio-Display.webp","width":1280,"height":720},{"@type":"BreadcrumbList","@id":"https:\/\/thesubscriber.net\/tr\/apple-neden-monitore-a19-pro-islemci-ve-128-gb-koydu\/#breadcrumb","itemListElement":[{"@type":"ListItem","position":1,"name":"Anasayfa","item":"https:\/\/thesubscriber.net\/tr\/"},{"@type":"ListItem","position":2,"name":"Apple neden monit\u00f6re A19 Pro i\u015flemci ve 128 GB koydu?"}]},{"@type":"WebSite","@id":"https:\/\/thesubscriber.net\/tr\/#website","url":"https:\/\/thesubscriber.net\/tr\/","name":"Subscriber","description":"","potentialAction":[{"@type":"SearchAction","target":{"@type":"EntryPoint","urlTemplate":"https:\/\/thesubscriber.net\/tr\/?s={search_term_string}"},"query-input":{"@type":"PropertyValueSpecification","valueRequired":true,"valueName":"search_term_string"}}],"inLanguage":"tr"},{"@type":"Person","@id":"https:\/\/thesubscriber.net\/tr\/#\/schema\/person\/2f06d64f3456d81635b7313665b3db21","name":"info@thesubscriber.net","image":{"@type":"ImageObject","inLanguage":"tr","@id":"https:\/\/secure.gravatar.com\/avatar\/2fdf9473b83df0025565e3e3c5545bc2b1072c42e329f6c9099aa79c00596be8?s=96&d=mm&r=g","url":"https:\/\/secure.gravatar.com\/avatar\/2fdf9473b83df0025565e3e3c5545bc2b1072c42e329f6c9099aa79c00596be8?s=96&d=mm&r=g","contentUrl":"https:\/\/secure.gravatar.com\/avatar\/2fdf9473b83df0025565e3e3c5545bc2b1072c42e329f6c9099aa79c00596be8?s=96&d=mm&r=g","caption":"info@thesubscriber.net"},"sameAs":["http:\/\/thesubscriber.net"],"url":"https:\/\/thesubscriber.net\/tr\/author\/infothesubscriber-net\/"}]}},"_links":{"self":[{"href":"https:\/\/thesubscriber.net\/tr\/wp-json\/wp\/v2\/posts\/857","targetHints":{"allow":["GET"]}}],"collection":[{"href":"https:\/\/thesubscriber.net\/tr\/wp-json\/wp\/v2\/posts"}],"about":[{"href":"https:\/\/thesubscriber.net\/tr\/wp-json\/wp\/v2\/types\/post"}],"author":[{"embeddable":true,"href":"https:\/\/thesubscriber.net\/tr\/wp-json\/wp\/v2\/users\/1"}],"replies":[{"embeddable":true,"href":"https:\/\/thesubscriber.net\/tr\/wp-json\/wp\/v2\/comments?post=857"}],"version-history":[{"count":1,"href":"https:\/\/thesubscriber.net\/tr\/wp-json\/wp\/v2\/posts\/857\/revisions"}],"predecessor-version":[{"id":861,"href":"https:\/\/thesubscriber.net\/tr\/wp-json\/wp\/v2\/posts\/857\/revisions\/861"}],"wp:featuredmedia":[{"embeddable":true,"href":"https:\/\/thesubscriber.net\/tr\/wp-json\/wp\/v2\/media\/858"}],"wp:attachment":[{"href":"https:\/\/thesubscriber.net\/tr\/wp-json\/wp\/v2\/media?parent=857"}],"wp:term":[{"taxonomy":"category","embeddable":true,"href":"https:\/\/thesubscriber.net\/tr\/wp-json\/wp\/v2\/categories?post=857"},{"taxonomy":"post_tag","embeddable":true,"href":"https:\/\/thesubscriber.net\/tr\/wp-json\/wp\/v2\/tags?post=857"}],"curies":[{"name":"wp","href":"https:\/\/api.w.org\/{rel}","templated":true}]}}