{"id":849,"date":"2026-03-12T14:24:38","date_gmt":"2026-03-12T11:24:38","guid":{"rendered":"https:\/\/thesubscriber.net\/tr\/?p=849"},"modified":"2026-03-12T14:24:39","modified_gmt":"2026-03-12T11:24:39","slug":"tam-elektrikli-performans-opel-corsa-gse-tanitildi","status":"publish","type":"post","link":"https:\/\/thesubscriber.net\/tr\/tam-elektrikli-performans-opel-corsa-gse-tanitildi\/","title":{"rendered":"Tam elektrikli performans: Opel Corsa GSE tan\u0131t\u0131ld\u0131"},"content":{"rendered":"\n<p>Opel, Corsa model ailesine yeni bir versiyon eklemeye haz\u0131rlan\u0131yor. Markan\u0131n tamamen elektrikli performans otomobilleri i\u00e7in kulland\u0131\u011f\u0131 GSE rozeti, \u015fimdi Corsa\u2019ya ta\u015f\u0131n\u0131yor. Yeni Opel Corsa GSE, sportif tasar\u0131m \u00e7izgileri ile elektrikli s\u00fcr\u00fc\u015f yap\u0131s\u0131n\u0131 bir araya getiriyor. Modelin 2026 y\u0131l\u0131 i\u00e7inde sat\u0131\u015fa sunulmas\u0131 planlan\u0131yor.<\/p>\n\n\n\n<h2 class=\"wp-block-heading\" id=\"h-yeni-opel-corsa-gse-elektrikli-performans-tarafinda-konumlaniyor\">Yeni Opel Corsa GSE, elektrikli performans taraf\u0131nda konumlan\u0131yor<\/h2>\n\n\n\n<p>Opel, GSE \u00fcr\u00fcn gam\u0131n\u0131 geni\u015fletmeyi s\u00fcrd\u00fcr\u00fcyor. Daha \u00f6nce tan\u0131t\u0131lan Mokka GSE\u2019nin ard\u0131ndan \u015fimdi de Corsa, bu seriye kat\u0131lan yeni model oldu. Markan\u0131n en \u00e7ok satan otomobillerinden biri olan Corsa, yeni GSE versiyonuyla birlikte daha sportif bir kimlik kazan\u0131yor.<\/p>\n\n\n\n<figure class=\"wp-block-image size-large\"><img loading=\"lazy\" decoding=\"async\" width=\"1024\" height=\"576\" src=\"https:\/\/thesubscriber.net\/tr\/wp-content\/uploads\/sites\/2\/2026\/03\/Opel-Corsa-GSE-4-1024x576.jpg\" alt=\"\" class=\"wp-image-852\" srcset=\"https:\/\/thesubscriber.net\/tr\/wp-content\/uploads\/sites\/2\/2026\/03\/Opel-Corsa-GSE-4-1024x576.jpg 1024w, https:\/\/thesubscriber.net\/tr\/wp-content\/uploads\/sites\/2\/2026\/03\/Opel-Corsa-GSE-4-300x169.jpg 300w, https:\/\/thesubscriber.net\/tr\/wp-content\/uploads\/sites\/2\/2026\/03\/Opel-Corsa-GSE-4-768x432.jpg 768w, https:\/\/thesubscriber.net\/tr\/wp-content\/uploads\/sites\/2\/2026\/03\/Opel-Corsa-GSE-4-696x392.jpg 696w, https:\/\/thesubscriber.net\/tr\/wp-content\/uploads\/sites\/2\/2026\/03\/Opel-Corsa-GSE-4-1068x601.jpg 1068w, https:\/\/thesubscriber.net\/tr\/wp-content\/uploads\/sites\/2\/2026\/03\/Opel-Corsa-GSE-4.jpg 1280w\" sizes=\"auto, (max-width: 1024px) 100vw, 1024px\" \/><\/figure>\n\n\n\n<p>\u015eirketin verdi\u011fi bilgilere g\u00f6re yeni model, mevcut nesil Corsa altyap\u0131s\u0131 \u00fczerine geli\u015ftiriliyor. Araca GSE serisine \u00f6zg\u00fc tasar\u0131m detaylar\u0131 ekleniyor. Bu de\u011fi\u015fikliklerle birlikte model, standart versiyona g\u00f6re daha dinamik bir g\u00f6r\u00fcn\u00fcm ta\u015f\u0131yor. Opel, yeni Corsa GSE\u2019yi tamamen elektrikli altyap\u0131 ile yola \u00e7\u0131kar\u0131yor.<\/p>\n\n\n\n<p>Opel CEO\u2019su Florian Huettl, Corsa\u2019n\u0131n marka i\u00e7in en \u00f6nemli modellerden biri oldu\u011funu belirtti. Huettl, modelin k\u00fc\u00e7\u00fck boyutlar\u0131, \u00e7evik yap\u0131s\u0131 ve g\u00fcnl\u00fck kullan\u0131ma uygun karakteriyle uzun y\u0131llard\u0131r g\u00fc\u00e7l\u00fc sat\u0131\u015f rakamlar\u0131na ula\u015ft\u0131\u011f\u0131n\u0131 s\u00f6yledi. GSE harflerinin ise tamamen elektrikli y\u00fcksek performans ve g\u00fc\u00e7l\u00fc s\u00fcr\u00fc\u015f dinamikleri anlam\u0131na geldi\u011fini ifade etti.<\/p>\n\n\n\n<figure class=\"wp-block-image size-large\"><img loading=\"lazy\" decoding=\"async\" width=\"1024\" height=\"576\" src=\"https:\/\/thesubscriber.net\/tr\/wp-content\/uploads\/sites\/2\/2026\/03\/Corsa-GSE-1024x576.jpg\" alt=\"\" class=\"wp-image-853\" srcset=\"https:\/\/thesubscriber.net\/tr\/wp-content\/uploads\/sites\/2\/2026\/03\/Corsa-GSE-1024x576.jpg 1024w, https:\/\/thesubscriber.net\/tr\/wp-content\/uploads\/sites\/2\/2026\/03\/Corsa-GSE-300x169.jpg 300w, https:\/\/thesubscriber.net\/tr\/wp-content\/uploads\/sites\/2\/2026\/03\/Corsa-GSE-768x432.jpg 768w, https:\/\/thesubscriber.net\/tr\/wp-content\/uploads\/sites\/2\/2026\/03\/Corsa-GSE-696x392.jpg 696w, https:\/\/thesubscriber.net\/tr\/wp-content\/uploads\/sites\/2\/2026\/03\/Corsa-GSE-1068x601.jpg 1068w, https:\/\/thesubscriber.net\/tr\/wp-content\/uploads\/sites\/2\/2026\/03\/Corsa-GSE.jpg 1280w\" sizes=\"auto, (max-width: 1024px) 100vw, 1024px\" \/><\/figure>\n\n\n\n<p>Yeni Corsa GSE ile bu iki yap\u0131 ayn\u0131 modelde birle\u015fiyor. Opel, k\u00fc\u00e7\u00fck s\u0131n\u0131ftaki bu yeni \u00fcst versiyonla emisyonsuz s\u00fcr\u00fc\u015f\u00fc performans odakl\u0131 bir karakterle sunmaya haz\u0131rlan\u0131yor. Model, g\u00fcnl\u00fck kullan\u0131m \u00f6zelliklerini korurken daha sportif bir s\u00fcr\u00fc\u015f deneyimi vadediyor.<\/p>\n\n\n\n<p>Corsa\u2019n\u0131n Almanya\u2019da son be\u015f y\u0131ld\u0131r B hatchback s\u0131n\u0131f\u0131nda en pop\u00fcler otomobiller aras\u0131nda yer ald\u0131\u011f\u0131 da payla\u015f\u0131lan bilgiler aras\u0131nda bulunuyor. Yeni GSE versiyonu, bu g\u00fc\u00e7l\u00fc modelin daha performans odakl\u0131 taraf\u0131n\u0131 temsil edecek.<\/p>\n\n\n\n<figure class=\"wp-block-image size-large\"><img loading=\"lazy\" decoding=\"async\" width=\"1024\" height=\"576\" src=\"https:\/\/thesubscriber.net\/tr\/wp-content\/uploads\/sites\/2\/2026\/03\/Yeni-Opel-Corsa-GSE-Vision-2-1024x576.webp\" alt=\"\" class=\"wp-image-854\" srcset=\"https:\/\/thesubscriber.net\/tr\/wp-content\/uploads\/sites\/2\/2026\/03\/Yeni-Opel-Corsa-GSE-Vision-2-1024x576.webp 1024w, https:\/\/thesubscriber.net\/tr\/wp-content\/uploads\/sites\/2\/2026\/03\/Yeni-Opel-Corsa-GSE-Vision-2-300x169.webp 300w, https:\/\/thesubscriber.net\/tr\/wp-content\/uploads\/sites\/2\/2026\/03\/Yeni-Opel-Corsa-GSE-Vision-2-768x432.webp 768w, https:\/\/thesubscriber.net\/tr\/wp-content\/uploads\/sites\/2\/2026\/03\/Yeni-Opel-Corsa-GSE-Vision-2-696x392.webp 696w, https:\/\/thesubscriber.net\/tr\/wp-content\/uploads\/sites\/2\/2026\/03\/Yeni-Opel-Corsa-GSE-Vision-2-1068x601.webp 1068w, https:\/\/thesubscriber.net\/tr\/wp-content\/uploads\/sites\/2\/2026\/03\/Yeni-Opel-Corsa-GSE-Vision-2.webp 1280w\" sizes=\"auto, (max-width: 1024px) 100vw, 1024px\" \/><\/figure>\n\n\n\n<p>Opel, yeni Corsa GSE\u2019nin teknik ayr\u0131nt\u0131lar\u0131n\u0131 hen\u00fcz a\u00e7\u0131klamad\u0131. G\u00fc\u00e7, batarya, menzil ve h\u0131zlanma verileri ilerleyen d\u00f6nemde payla\u015f\u0131lacak. \u015eimdilik netle\u015fen tablo, Corsa GSE\u2019nin Opel\u2019in elektrikli performans serisindeki yeni halka olaca\u011f\u0131 y\u00f6n\u00fcnde. Yeni Opel Corsa GSE\u2019nin 2026 y\u0131l\u0131 i\u00e7inde sat\u0131\u015fa \u00e7\u0131kmas\u0131 bekleniyor.<\/p>\n","protected":false},"excerpt":{"rendered":"<p>Opel, Corsa model ailesine yeni bir versiyon eklemeye haz\u0131rlan\u0131yor. Markan\u0131n tamamen elektrikli performans otomobilleri i\u00e7in kulland\u0131\u011f\u0131 GSE rozeti, \u015fimdi Corsa\u2019ya ta\u015f\u0131n\u0131yor. Yeni Opel Corsa GSE, sportif tasar\u0131m \u00e7izgileri ile elektrikli s\u00fcr\u00fc\u015f yap\u0131s\u0131n\u0131 bir araya getiriyor. Modelin 2026 y\u0131l\u0131 i\u00e7inde sat\u0131\u015fa sunulmas\u0131 planlan\u0131yor. Yeni Opel Corsa GSE, elektrikli performans taraf\u0131nda konumlan\u0131yor Opel, GSE \u00fcr\u00fcn gam\u0131n\u0131 geni\u015fletmeyi [&hellip;]<\/p>\n","protected":false},"author":1,"featured_media":856,"comment_status":"open","ping_status":"open","sticky":false,"template":"","format":"standard","meta":{"footnotes":""},"categories":[1,21,65],"tags":[254,253],"class_list":{"0":"post-849","1":"post","2":"type-post","3":"status-publish","4":"format-standard","5":"has-post-thumbnail","7":"category-haberler","8":"category-otomobil","9":"category-teknoloji","10":"tag-opel","11":"tag-opel-corsa-gse"},"yoast_head":"<!-- This site is optimized with the Yoast SEO Premium plugin v24.6 (Yoast SEO v27.4) - https:\/\/yoast.com\/product\/yoast-seo-premium-wordpress\/ -->\n<title>Tam elektrikli performans: Opel Corsa GSE tan\u0131t\u0131ld\u0131 - Subscriber<\/title>\n<meta name=\"description\" content=\"Opel, Corsa model ailesine yeni bir versiyon eklemeye haz\u0131rlan\u0131yor. Yeni Opel Corsa GSE, elektrikli performans taraf\u0131nda konumlan\u0131yor.\" \/>\n<meta name=\"robots\" content=\"index, follow, max-snippet:-1, max-image-preview:large, max-video-preview:-1\" \/>\n<link rel=\"canonical\" href=\"https:\/\/thesubscriber.net\/tr\/tam-elektrikli-performans-opel-corsa-gse-tanitildi\/\" \/>\n<meta property=\"og:locale\" content=\"tr_TR\" \/>\n<meta property=\"og:type\" content=\"article\" \/>\n<meta property=\"og:title\" content=\"Tam elektrikli performans: Opel Corsa GSE tan\u0131t\u0131ld\u0131\" \/>\n<meta property=\"og:description\" content=\"Opel, Corsa model ailesine yeni bir versiyon eklemeye haz\u0131rlan\u0131yor. Yeni Opel Corsa GSE, elektrikli performans taraf\u0131nda konumlan\u0131yor.\" \/>\n<meta property=\"og:url\" content=\"https:\/\/thesubscriber.net\/tr\/tam-elektrikli-performans-opel-corsa-gse-tanitildi\/\" \/>\n<meta property=\"og:site_name\" content=\"Subscriber\" \/>\n<meta property=\"article:published_time\" content=\"2026-03-12T11:24:38+00:00\" \/>\n<meta property=\"article:modified_time\" content=\"2026-03-12T11:24:39+00:00\" \/>\n<meta property=\"og:image\" content=\"https:\/\/thesubscriber.net\/tr\/wp-content\/uploads\/sites\/2\/2026\/03\/Opel-Corsa-GSE-3-1.webp\" \/>\n\t<meta property=\"og:image:width\" content=\"1280\" \/>\n\t<meta property=\"og:image:height\" content=\"720\" \/>\n\t<meta property=\"og:image:type\" content=\"image\/webp\" \/>\n<meta name=\"author\" content=\"info@thesubscriber.net\" \/>\n<meta name=\"twitter:card\" content=\"summary_large_image\" \/>\n<meta name=\"twitter:label1\" content=\"Yazan:\" \/>\n\t<meta name=\"twitter:data1\" content=\"info@thesubscriber.net\" \/>\n\t<meta name=\"twitter:label2\" content=\"Tahmini okuma s\u00fcresi\" \/>\n\t<meta name=\"twitter:data2\" content=\"3 dakika\" \/>\n<script type=\"application\/ld+json\" class=\"yoast-schema-graph\">{\"@context\":\"https:\\\/\\\/schema.org\",\"@graph\":[{\"@type\":\"Article\",\"@id\":\"https:\\\/\\\/thesubscriber.net\\\/tr\\\/tam-elektrikli-performans-opel-corsa-gse-tanitildi\\\/#article\",\"isPartOf\":{\"@id\":\"https:\\\/\\\/thesubscriber.net\\\/tr\\\/tam-elektrikli-performans-opel-corsa-gse-tanitildi\\\/\"},\"author\":{\"name\":\"info@thesubscriber.net\",\"@id\":\"https:\\\/\\\/thesubscriber.net\\\/tr\\\/#\\\/schema\\\/person\\\/2f06d64f3456d81635b7313665b3db21\"},\"headline\":\"Tam elektrikli performans: Opel Corsa GSE tan\u0131t\u0131ld\u0131\",\"datePublished\":\"2026-03-12T11:24:38+00:00\",\"dateModified\":\"2026-03-12T11:24:39+00:00\",\"mainEntityOfPage\":{\"@id\":\"https:\\\/\\\/thesubscriber.net\\\/tr\\\/tam-elektrikli-performans-opel-corsa-gse-tanitildi\\\/\"},\"wordCount\":398,\"commentCount\":0,\"image\":{\"@id\":\"https:\\\/\\\/thesubscriber.net\\\/tr\\\/tam-elektrikli-performans-opel-corsa-gse-tanitildi\\\/#primaryimage\"},\"thumbnailUrl\":\"https:\\\/\\\/thesubscriber.net\\\/tr\\\/wp-content\\\/uploads\\\/sites\\\/2\\\/2026\\\/03\\\/Opel-Corsa-GSE-3-1.webp\",\"keywords\":[\"Opel\",\"Opel Corsa GSE\"],\"articleSection\":[\"Haberler\",\"Otomobil\",\"Teknoloji\"],\"inLanguage\":\"tr\",\"potentialAction\":[{\"@type\":\"CommentAction\",\"name\":\"Comment\",\"target\":[\"https:\\\/\\\/thesubscriber.net\\\/tr\\\/tam-elektrikli-performans-opel-corsa-gse-tanitildi\\\/#respond\"]}]},{\"@type\":\"WebPage\",\"@id\":\"https:\\\/\\\/thesubscriber.net\\\/tr\\\/tam-elektrikli-performans-opel-corsa-gse-tanitildi\\\/\",\"url\":\"https:\\\/\\\/thesubscriber.net\\\/tr\\\/tam-elektrikli-performans-opel-corsa-gse-tanitildi\\\/\",\"name\":\"Tam elektrikli performans: Opel Corsa GSE tan\u0131t\u0131ld\u0131 - Subscriber\",\"isPartOf\":{\"@id\":\"https:\\\/\\\/thesubscriber.net\\\/tr\\\/#website\"},\"primaryImageOfPage\":{\"@id\":\"https:\\\/\\\/thesubscriber.net\\\/tr\\\/tam-elektrikli-performans-opel-corsa-gse-tanitildi\\\/#primaryimage\"},\"image\":{\"@id\":\"https:\\\/\\\/thesubscriber.net\\\/tr\\\/tam-elektrikli-performans-opel-corsa-gse-tanitildi\\\/#primaryimage\"},\"thumbnailUrl\":\"https:\\\/\\\/thesubscriber.net\\\/tr\\\/wp-content\\\/uploads\\\/sites\\\/2\\\/2026\\\/03\\\/Opel-Corsa-GSE-3-1.webp\",\"datePublished\":\"2026-03-12T11:24:38+00:00\",\"dateModified\":\"2026-03-12T11:24:39+00:00\",\"author\":{\"@id\":\"https:\\\/\\\/thesubscriber.net\\\/tr\\\/#\\\/schema\\\/person\\\/2f06d64f3456d81635b7313665b3db21\"},\"description\":\"Opel, Corsa model ailesine yeni bir versiyon eklemeye haz\u0131rlan\u0131yor. Yeni Opel Corsa GSE, elektrikli performans taraf\u0131nda konumlan\u0131yor.\",\"breadcrumb\":{\"@id\":\"https:\\\/\\\/thesubscriber.net\\\/tr\\\/tam-elektrikli-performans-opel-corsa-gse-tanitildi\\\/#breadcrumb\"},\"inLanguage\":\"tr\",\"potentialAction\":[{\"@type\":\"ReadAction\",\"target\":[\"https:\\\/\\\/thesubscriber.net\\\/tr\\\/tam-elektrikli-performans-opel-corsa-gse-tanitildi\\\/\"]}]},{\"@type\":\"ImageObject\",\"inLanguage\":\"tr\",\"@id\":\"https:\\\/\\\/thesubscriber.net\\\/tr\\\/tam-elektrikli-performans-opel-corsa-gse-tanitildi\\\/#primaryimage\",\"url\":\"https:\\\/\\\/thesubscriber.net\\\/tr\\\/wp-content\\\/uploads\\\/sites\\\/2\\\/2026\\\/03\\\/Opel-Corsa-GSE-3-1.webp\",\"contentUrl\":\"https:\\\/\\\/thesubscriber.net\\\/tr\\\/wp-content\\\/uploads\\\/sites\\\/2\\\/2026\\\/03\\\/Opel-Corsa-GSE-3-1.webp\",\"width\":1280,\"height\":720},{\"@type\":\"BreadcrumbList\",\"@id\":\"https:\\\/\\\/thesubscriber.net\\\/tr\\\/tam-elektrikli-performans-opel-corsa-gse-tanitildi\\\/#breadcrumb\",\"itemListElement\":[{\"@type\":\"ListItem\",\"position\":1,\"name\":\"Anasayfa\",\"item\":\"https:\\\/\\\/thesubscriber.net\\\/tr\\\/\"},{\"@type\":\"ListItem\",\"position\":2,\"name\":\"Tam elektrikli performans: Opel Corsa GSE tan\u0131t\u0131ld\u0131\"}]},{\"@type\":\"WebSite\",\"@id\":\"https:\\\/\\\/thesubscriber.net\\\/tr\\\/#website\",\"url\":\"https:\\\/\\\/thesubscriber.net\\\/tr\\\/\",\"name\":\"Subscriber\",\"description\":\"\",\"potentialAction\":[{\"@type\":\"SearchAction\",\"target\":{\"@type\":\"EntryPoint\",\"urlTemplate\":\"https:\\\/\\\/thesubscriber.net\\\/tr\\\/?s={search_term_string}\"},\"query-input\":{\"@type\":\"PropertyValueSpecification\",\"valueRequired\":true,\"valueName\":\"search_term_string\"}}],\"inLanguage\":\"tr\"},{\"@type\":\"Person\",\"@id\":\"https:\\\/\\\/thesubscriber.net\\\/tr\\\/#\\\/schema\\\/person\\\/2f06d64f3456d81635b7313665b3db21\",\"name\":\"info@thesubscriber.net\",\"image\":{\"@type\":\"ImageObject\",\"inLanguage\":\"tr\",\"@id\":\"https:\\\/\\\/secure.gravatar.com\\\/avatar\\\/2fdf9473b83df0025565e3e3c5545bc2b1072c42e329f6c9099aa79c00596be8?s=96&d=mm&r=g\",\"url\":\"https:\\\/\\\/secure.gravatar.com\\\/avatar\\\/2fdf9473b83df0025565e3e3c5545bc2b1072c42e329f6c9099aa79c00596be8?s=96&d=mm&r=g\",\"contentUrl\":\"https:\\\/\\\/secure.gravatar.com\\\/avatar\\\/2fdf9473b83df0025565e3e3c5545bc2b1072c42e329f6c9099aa79c00596be8?s=96&d=mm&r=g\",\"caption\":\"info@thesubscriber.net\"},\"sameAs\":[\"http:\\\/\\\/thesubscriber.net\"],\"url\":\"https:\\\/\\\/thesubscriber.net\\\/tr\\\/author\\\/infothesubscriber-net\\\/\"}]}<\/script>\n<!-- \/ Yoast SEO Premium plugin. -->","yoast_head_json":{"title":"Tam elektrikli performans: Opel Corsa GSE tan\u0131t\u0131ld\u0131 - Subscriber","description":"Opel, Corsa model ailesine yeni bir versiyon eklemeye haz\u0131rlan\u0131yor. Yeni Opel Corsa GSE, elektrikli performans taraf\u0131nda konumlan\u0131yor.","robots":{"index":"index","follow":"follow","max-snippet":"max-snippet:-1","max-image-preview":"max-image-preview:large","max-video-preview":"max-video-preview:-1"},"canonical":"https:\/\/thesubscriber.net\/tr\/tam-elektrikli-performans-opel-corsa-gse-tanitildi\/","og_locale":"tr_TR","og_type":"article","og_title":"Tam elektrikli performans: Opel Corsa GSE tan\u0131t\u0131ld\u0131","og_description":"Opel, Corsa model ailesine yeni bir versiyon eklemeye haz\u0131rlan\u0131yor. Yeni Opel Corsa GSE, elektrikli performans taraf\u0131nda konumlan\u0131yor.","og_url":"https:\/\/thesubscriber.net\/tr\/tam-elektrikli-performans-opel-corsa-gse-tanitildi\/","og_site_name":"Subscriber","article_published_time":"2026-03-12T11:24:38+00:00","article_modified_time":"2026-03-12T11:24:39+00:00","og_image":[{"width":1280,"height":720,"url":"https:\/\/thesubscriber.net\/tr\/wp-content\/uploads\/sites\/2\/2026\/03\/Opel-Corsa-GSE-3-1.webp","type":"image\/webp"}],"author":"info@thesubscriber.net","twitter_card":"summary_large_image","twitter_misc":{"Yazan:":"info@thesubscriber.net","Tahmini okuma s\u00fcresi":"3 dakika"},"schema":{"@context":"https:\/\/schema.org","@graph":[{"@type":"Article","@id":"https:\/\/thesubscriber.net\/tr\/tam-elektrikli-performans-opel-corsa-gse-tanitildi\/#article","isPartOf":{"@id":"https:\/\/thesubscriber.net\/tr\/tam-elektrikli-performans-opel-corsa-gse-tanitildi\/"},"author":{"name":"info@thesubscriber.net","@id":"https:\/\/thesubscriber.net\/tr\/#\/schema\/person\/2f06d64f3456d81635b7313665b3db21"},"headline":"Tam elektrikli performans: Opel Corsa GSE tan\u0131t\u0131ld\u0131","datePublished":"2026-03-12T11:24:38+00:00","dateModified":"2026-03-12T11:24:39+00:00","mainEntityOfPage":{"@id":"https:\/\/thesubscriber.net\/tr\/tam-elektrikli-performans-opel-corsa-gse-tanitildi\/"},"wordCount":398,"commentCount":0,"image":{"@id":"https:\/\/thesubscriber.net\/tr\/tam-elektrikli-performans-opel-corsa-gse-tanitildi\/#primaryimage"},"thumbnailUrl":"https:\/\/thesubscriber.net\/tr\/wp-content\/uploads\/sites\/2\/2026\/03\/Opel-Corsa-GSE-3-1.webp","keywords":["Opel","Opel Corsa GSE"],"articleSection":["Haberler","Otomobil","Teknoloji"],"inLanguage":"tr","potentialAction":[{"@type":"CommentAction","name":"Comment","target":["https:\/\/thesubscriber.net\/tr\/tam-elektrikli-performans-opel-corsa-gse-tanitildi\/#respond"]}]},{"@type":"WebPage","@id":"https:\/\/thesubscriber.net\/tr\/tam-elektrikli-performans-opel-corsa-gse-tanitildi\/","url":"https:\/\/thesubscriber.net\/tr\/tam-elektrikli-performans-opel-corsa-gse-tanitildi\/","name":"Tam elektrikli performans: Opel Corsa GSE tan\u0131t\u0131ld\u0131 - Subscriber","isPartOf":{"@id":"https:\/\/thesubscriber.net\/tr\/#website"},"primaryImageOfPage":{"@id":"https:\/\/thesubscriber.net\/tr\/tam-elektrikli-performans-opel-corsa-gse-tanitildi\/#primaryimage"},"image":{"@id":"https:\/\/thesubscriber.net\/tr\/tam-elektrikli-performans-opel-corsa-gse-tanitildi\/#primaryimage"},"thumbnailUrl":"https:\/\/thesubscriber.net\/tr\/wp-content\/uploads\/sites\/2\/2026\/03\/Opel-Corsa-GSE-3-1.webp","datePublished":"2026-03-12T11:24:38+00:00","dateModified":"2026-03-12T11:24:39+00:00","author":{"@id":"https:\/\/thesubscriber.net\/tr\/#\/schema\/person\/2f06d64f3456d81635b7313665b3db21"},"description":"Opel, Corsa model ailesine yeni bir versiyon eklemeye haz\u0131rlan\u0131yor. Yeni Opel Corsa GSE, elektrikli performans taraf\u0131nda konumlan\u0131yor.","breadcrumb":{"@id":"https:\/\/thesubscriber.net\/tr\/tam-elektrikli-performans-opel-corsa-gse-tanitildi\/#breadcrumb"},"inLanguage":"tr","potentialAction":[{"@type":"ReadAction","target":["https:\/\/thesubscriber.net\/tr\/tam-elektrikli-performans-opel-corsa-gse-tanitildi\/"]}]},{"@type":"ImageObject","inLanguage":"tr","@id":"https:\/\/thesubscriber.net\/tr\/tam-elektrikli-performans-opel-corsa-gse-tanitildi\/#primaryimage","url":"https:\/\/thesubscriber.net\/tr\/wp-content\/uploads\/sites\/2\/2026\/03\/Opel-Corsa-GSE-3-1.webp","contentUrl":"https:\/\/thesubscriber.net\/tr\/wp-content\/uploads\/sites\/2\/2026\/03\/Opel-Corsa-GSE-3-1.webp","width":1280,"height":720},{"@type":"BreadcrumbList","@id":"https:\/\/thesubscriber.net\/tr\/tam-elektrikli-performans-opel-corsa-gse-tanitildi\/#breadcrumb","itemListElement":[{"@type":"ListItem","position":1,"name":"Anasayfa","item":"https:\/\/thesubscriber.net\/tr\/"},{"@type":"ListItem","position":2,"name":"Tam elektrikli performans: Opel Corsa GSE tan\u0131t\u0131ld\u0131"}]},{"@type":"WebSite","@id":"https:\/\/thesubscriber.net\/tr\/#website","url":"https:\/\/thesubscriber.net\/tr\/","name":"Subscriber","description":"","potentialAction":[{"@type":"SearchAction","target":{"@type":"EntryPoint","urlTemplate":"https:\/\/thesubscriber.net\/tr\/?s={search_term_string}"},"query-input":{"@type":"PropertyValueSpecification","valueRequired":true,"valueName":"search_term_string"}}],"inLanguage":"tr"},{"@type":"Person","@id":"https:\/\/thesubscriber.net\/tr\/#\/schema\/person\/2f06d64f3456d81635b7313665b3db21","name":"info@thesubscriber.net","image":{"@type":"ImageObject","inLanguage":"tr","@id":"https:\/\/secure.gravatar.com\/avatar\/2fdf9473b83df0025565e3e3c5545bc2b1072c42e329f6c9099aa79c00596be8?s=96&d=mm&r=g","url":"https:\/\/secure.gravatar.com\/avatar\/2fdf9473b83df0025565e3e3c5545bc2b1072c42e329f6c9099aa79c00596be8?s=96&d=mm&r=g","contentUrl":"https:\/\/secure.gravatar.com\/avatar\/2fdf9473b83df0025565e3e3c5545bc2b1072c42e329f6c9099aa79c00596be8?s=96&d=mm&r=g","caption":"info@thesubscriber.net"},"sameAs":["http:\/\/thesubscriber.net"],"url":"https:\/\/thesubscriber.net\/tr\/author\/infothesubscriber-net\/"}]}},"_links":{"self":[{"href":"https:\/\/thesubscriber.net\/tr\/wp-json\/wp\/v2\/posts\/849","targetHints":{"allow":["GET"]}}],"collection":[{"href":"https:\/\/thesubscriber.net\/tr\/wp-json\/wp\/v2\/posts"}],"about":[{"href":"https:\/\/thesubscriber.net\/tr\/wp-json\/wp\/v2\/types\/post"}],"author":[{"embeddable":true,"href":"https:\/\/thesubscriber.net\/tr\/wp-json\/wp\/v2\/users\/1"}],"replies":[{"embeddable":true,"href":"https:\/\/thesubscriber.net\/tr\/wp-json\/wp\/v2\/comments?post=849"}],"version-history":[{"count":2,"href":"https:\/\/thesubscriber.net\/tr\/wp-json\/wp\/v2\/posts\/849\/revisions"}],"predecessor-version":[{"id":855,"href":"https:\/\/thesubscriber.net\/tr\/wp-json\/wp\/v2\/posts\/849\/revisions\/855"}],"wp:featuredmedia":[{"embeddable":true,"href":"https:\/\/thesubscriber.net\/tr\/wp-json\/wp\/v2\/media\/856"}],"wp:attachment":[{"href":"https:\/\/thesubscriber.net\/tr\/wp-json\/wp\/v2\/media?parent=849"}],"wp:term":[{"taxonomy":"category","embeddable":true,"href":"https:\/\/thesubscriber.net\/tr\/wp-json\/wp\/v2\/categories?post=849"},{"taxonomy":"post_tag","embeddable":true,"href":"https:\/\/thesubscriber.net\/tr\/wp-json\/wp\/v2\/tags?post=849"}],"curies":[{"name":"wp","href":"https:\/\/api.w.org\/{rel}","templated":true}]}}