{"id":840,"date":"2026-03-12T11:57:41","date_gmt":"2026-03-12T08:57:41","guid":{"rendered":"https:\/\/thesubscriber.net\/tr\/?p=840"},"modified":"2026-03-12T11:57:42","modified_gmt":"2026-03-12T08:57:42","slug":"intel-core-ultra-7-270k-plus-250k-plus","status":"publish","type":"post","link":"https:\/\/thesubscriber.net\/tr\/intel-core-ultra-7-270k-plus-250k-plus\/","title":{"rendered":"Intel, Core Ultra 7 270K Plus ve Core Ultra 5 250K Plus i\u015flemcilerini duyurdu"},"content":{"rendered":"\n<p>Intel, masa\u00fcst\u00fc oyun bilgisayar\u0131 pazar\u0131ndaki konumunu g\u00fc\u00e7lendirmek i\u00e7in iki yeni Arrow Lake Refresh i\u015flemci tan\u0131tt\u0131. \u015eirket bu kez yaln\u0131zca \u00fcst seviye bir amiral gemisi modelle ilerlemiyor. <\/p>\n\n\n\n<p>Core Ultra 7 270K Plus ve Core Ultra 5 250K Plus modelleri, ek verimlilik \u00e7ekirdekleri, daha y\u00fcksek bellek deste\u011fi ve yeni bir yaz\u0131l\u0131m optimizasyon katman\u0131yla geliyor. Her iki i\u015flemci de 26 Mart\u2019ta sat\u0131\u015fa \u00e7\u0131kacak.<\/p>\n\n\n\n<h2 class=\"wp-block-heading\" id=\"h-arrow-lake-refresh-serisi-cekirdek-sayisi-bellek-hizi-ve-yazilim-optimizasyonuna-odaklaniyor\">Arrow Lake Refresh serisi \u00e7ekirdek say\u0131s\u0131, bellek h\u0131z\u0131 ve yaz\u0131l\u0131m optimizasyonuna odaklan\u0131yor<\/h2>\n\n\n\n<p>Intel, son birka\u00e7 nesilde \u00fcst seviye masa\u00fcst\u00fc taraf\u0131nda zorlu bir d\u00f6nem ge\u00e7irdi. \u00d6nceki i\u015flemciler s\u0131cakl\u0131k ve kararl\u0131l\u0131k sorunlar\u0131yla ele\u015ftirilmi\u015fti. En yeni Arrow Lake serisinde ise oyun performans\u0131 ve kare h\u0131zlar\u0131 taraf\u0131nda soru i\u015faretleri olu\u015fmu\u015ftu. <\/p>\n\n\n\n<figure class=\"wp-block-image size-large\"><img loading=\"lazy\" decoding=\"async\" width=\"1024\" height=\"576\" src=\"https:\/\/thesubscriber.net\/tr\/wp-content\/uploads\/sites\/2\/2026\/03\/Intel-Core-Ultra-7-2-1024x576.webp\" alt=\"\" class=\"wp-image-843\" srcset=\"https:\/\/thesubscriber.net\/tr\/wp-content\/uploads\/sites\/2\/2026\/03\/Intel-Core-Ultra-7-2-1024x576.webp 1024w, https:\/\/thesubscriber.net\/tr\/wp-content\/uploads\/sites\/2\/2026\/03\/Intel-Core-Ultra-7-2-300x169.webp 300w, https:\/\/thesubscriber.net\/tr\/wp-content\/uploads\/sites\/2\/2026\/03\/Intel-Core-Ultra-7-2-768x432.webp 768w, https:\/\/thesubscriber.net\/tr\/wp-content\/uploads\/sites\/2\/2026\/03\/Intel-Core-Ultra-7-2-1536x864.webp 1536w, https:\/\/thesubscriber.net\/tr\/wp-content\/uploads\/sites\/2\/2026\/03\/Intel-Core-Ultra-7-2-2048x1152.webp 2048w, https:\/\/thesubscriber.net\/tr\/wp-content\/uploads\/sites\/2\/2026\/03\/Intel-Core-Ultra-7-2-696x392.webp 696w, https:\/\/thesubscriber.net\/tr\/wp-content\/uploads\/sites\/2\/2026\/03\/Intel-Core-Ultra-7-2-1068x601.webp 1068w, https:\/\/thesubscriber.net\/tr\/wp-content\/uploads\/sites\/2\/2026\/03\/Intel-Core-Ultra-7-2-1920x1080.webp 1920w\" sizes=\"auto, (max-width: 1024px) 100vw, 1024px\" \/><\/figure>\n\n\n\n<p>Intel \u015fimdi Core Ultra 7 270K Plus ve Core Ultra 5 250K Plus ile bu tabloyu de\u011fi\u015ftirmeye \u00e7al\u0131\u015f\u0131yor. \u015eirket, bu modelleri bug\u00fcne kadarki en h\u0131zl\u0131 oyun masa\u00fcst\u00fc i\u015flemcileri olarak tan\u0131ml\u0131yor.<\/p>\n\n\n\n<p>Core Ultra 7 270K Plus modeli 24 \u00e7ekirdek ve 24 izlek ile geliyor. \u0130\u015flemci 125W TDP de\u011ferine sahip. Yap\u0131 taraf\u0131nda Core Ultra 9 285K ile benzer hibrit d\u00fczen kullan\u0131l\u0131yor. <\/p>\n\n\n\n<p>Burada sekiz performans \u00e7ekirde\u011fi ve 16 verimlilik \u00e7ekirde\u011fi bulunuyor. P-core taraf\u0131 5.5 GHz\u2019e kadar \u00e7\u0131k\u0131yor. Temel frekans ise \u00f6nceki modellere k\u0131yasla 4.1 GHz seviyesine y\u00fckselmi\u015f durumda. <\/p>\n\n\n\n<figure class=\"wp-block-image size-large\"><img loading=\"lazy\" decoding=\"async\" width=\"1024\" height=\"576\" src=\"https:\/\/thesubscriber.net\/tr\/wp-content\/uploads\/sites\/2\/2026\/03\/Intel-Core-Ultra-7-3-1024x576.webp\" alt=\"\" class=\"wp-image-844\" srcset=\"https:\/\/thesubscriber.net\/tr\/wp-content\/uploads\/sites\/2\/2026\/03\/Intel-Core-Ultra-7-3-1024x576.webp 1024w, https:\/\/thesubscriber.net\/tr\/wp-content\/uploads\/sites\/2\/2026\/03\/Intel-Core-Ultra-7-3-300x169.webp 300w, https:\/\/thesubscriber.net\/tr\/wp-content\/uploads\/sites\/2\/2026\/03\/Intel-Core-Ultra-7-3-768x432.webp 768w, https:\/\/thesubscriber.net\/tr\/wp-content\/uploads\/sites\/2\/2026\/03\/Intel-Core-Ultra-7-3-696x392.webp 696w, https:\/\/thesubscriber.net\/tr\/wp-content\/uploads\/sites\/2\/2026\/03\/Intel-Core-Ultra-7-3-1068x601.webp 1068w, https:\/\/thesubscriber.net\/tr\/wp-content\/uploads\/sites\/2\/2026\/03\/Intel-Core-Ultra-7-3.webp 1456w\" sizes=\"auto, (max-width: 1024px) 100vw, 1024px\" \/><\/figure>\n\n\n\n<p>Verimlilik \u00e7ekirdekleri 3.4 GHz temel h\u0131zla \u00e7al\u0131\u015f\u0131yor. Bu da bir \u00f6nceki nesle g\u00f6re 100 MHz art\u0131\u015f anlam\u0131na geliyor. Intel, i\u015flemci ile bellek denetleyicisi aras\u0131ndaki ba\u011flant\u0131n\u0131n da 900 MHz daha h\u0131zl\u0131 \u00e7al\u0131\u015ft\u0131\u011f\u0131n\u0131 belirtiyor. Bu de\u011fi\u015fiklik, sistem belle\u011fi ile i\u015flemci aras\u0131ndaki veri ak\u0131\u015f\u0131n\u0131 iyile\u015ftiriyor.<\/p>\n\n\n\n<p>Bu yap\u0131, Core Ultra 7 270K Plus modelini \u00e7ok i\u015f par\u00e7ac\u0131kl\u0131 y\u00fcklerde 20 \u00e7ekirdekli Core Ultra 7 265K\u2019n\u0131n \u00fczerine ta\u015f\u0131yor. Intel, baz\u0131 senaryolarda bu i\u015flemciyi daha y\u00fcksek g\u00fc\u00e7 t\u00fcketimiyle bilinen Raptor Lake tabanl\u0131 Core i9-14900K ile benzer ya da daha iyi seviyede konumland\u0131r\u0131yor.<\/p>\n\n\n\n<figure class=\"wp-block-image size-large\"><img loading=\"lazy\" decoding=\"async\" width=\"1024\" height=\"576\" src=\"https:\/\/thesubscriber.net\/tr\/wp-content\/uploads\/sites\/2\/2026\/03\/Intel-Core-Ultra-7-4-1024x576.webp\" alt=\"\" class=\"wp-image-845\" srcset=\"https:\/\/thesubscriber.net\/tr\/wp-content\/uploads\/sites\/2\/2026\/03\/Intel-Core-Ultra-7-4-1024x576.webp 1024w, https:\/\/thesubscriber.net\/tr\/wp-content\/uploads\/sites\/2\/2026\/03\/Intel-Core-Ultra-7-4-300x169.webp 300w, https:\/\/thesubscriber.net\/tr\/wp-content\/uploads\/sites\/2\/2026\/03\/Intel-Core-Ultra-7-4-768x432.webp 768w, https:\/\/thesubscriber.net\/tr\/wp-content\/uploads\/sites\/2\/2026\/03\/Intel-Core-Ultra-7-4-696x392.webp 696w, https:\/\/thesubscriber.net\/tr\/wp-content\/uploads\/sites\/2\/2026\/03\/Intel-Core-Ultra-7-4-1068x601.webp 1068w, https:\/\/thesubscriber.net\/tr\/wp-content\/uploads\/sites\/2\/2026\/03\/Intel-Core-Ultra-7-4.webp 1456w\" sizes=\"auto, (max-width: 1024px) 100vw, 1024px\" \/><\/figure>\n\n\n\n<p>300 dolarl\u0131k fiyat etiketiyle gelen Core Ultra 7 270K Plus, \u00f6zellikle AMD Ryzen 7 9700X\u2019in geride kald\u0131\u011f\u0131 i\u015f y\u00fcklerine kar\u015f\u0131 haz\u0131rlanm\u0131\u015f g\u00f6r\u00fcn\u00fcyor. Intel\u2019in payla\u015ft\u0131\u011f\u0131 verilere g\u00f6re i\u015flemci, \u00e7ok i\u015f par\u00e7ac\u0131kl\u0131 performansta ka\u011f\u0131t \u00fczerinde bu rakibine kar\u015f\u0131 iki kata yak\u0131n avantaj sa\u011flayabiliyor.<\/p>\n\n\n\n<p>Serinin bir alt s\u0131ras\u0131nda yer alan Core Ultra 5 250K Plus ise 200 dolar fiyatla geliyor. Bu modelde toplam 18 \u00e7ekirdek bulunuyor. Alt\u0131 performans \u00e7ekirde\u011fine 12 verimlilik \u00e7ekirde\u011fi e\u015flik ediyor. <\/p>\n\n\n\n<p>P-core \u00e7ekirdekler 4.4 GHz temel frekansta \u00e7al\u0131\u015f\u0131yor. E-core taraf\u0131 ise 3.7 GHz seviyesinden ba\u015fl\u0131yor. \u0130\u015flemcide 30 MB Smart Cache yer al\u0131yor. <\/p>\n\n\n\n<figure class=\"wp-block-image size-large\"><img loading=\"lazy\" decoding=\"async\" width=\"1024\" height=\"576\" src=\"https:\/\/thesubscriber.net\/tr\/wp-content\/uploads\/sites\/2\/2026\/03\/Intel-Core-Ultra-7-5-1024x576.webp\" alt=\"\" class=\"wp-image-846\" srcset=\"https:\/\/thesubscriber.net\/tr\/wp-content\/uploads\/sites\/2\/2026\/03\/Intel-Core-Ultra-7-5-1024x576.webp 1024w, https:\/\/thesubscriber.net\/tr\/wp-content\/uploads\/sites\/2\/2026\/03\/Intel-Core-Ultra-7-5-300x169.webp 300w, https:\/\/thesubscriber.net\/tr\/wp-content\/uploads\/sites\/2\/2026\/03\/Intel-Core-Ultra-7-5-768x432.webp 768w, https:\/\/thesubscriber.net\/tr\/wp-content\/uploads\/sites\/2\/2026\/03\/Intel-Core-Ultra-7-5-696x392.webp 696w, https:\/\/thesubscriber.net\/tr\/wp-content\/uploads\/sites\/2\/2026\/03\/Intel-Core-Ultra-7-5-1068x601.webp 1068w, https:\/\/thesubscriber.net\/tr\/wp-content\/uploads\/sites\/2\/2026\/03\/Intel-Core-Ultra-7-5.webp 1456w\" sizes=\"auto, (max-width: 1024px) 100vw, 1024px\" \/><\/figure>\n\n\n\n<p>Bu de\u011fer, 245K modeline g\u00f6re 6 MB daha y\u00fcksek. Intel, bu model i\u00e7in benzer fiyat aral\u0131\u011f\u0131ndaki Ryzen 5 9600X\u2019e kar\u015f\u0131 ortalama y\u00fczde 103 \u00e7ok \u00e7ekirdek performans avantaj\u0131 a\u00e7\u0131klad\u0131. Bu fark\u0131n temelinde, paralel i\u015f y\u00fckleri i\u00e7in ayr\u0131lan daha y\u00fcksek verimlilik \u00e7ekirde\u011fi say\u0131s\u0131 yer al\u0131yor.<\/p>\n\n\n\n<p>Her iki i\u015flemci de 125W temel g\u00fc\u00e7 de\u011ferini koruyor. Intel bu seride, son d\u00f6nemde baz\u0131 \u00fcst seviye masa\u00fcst\u00fc modellerde g\u00f6r\u00fclen artan g\u00fc\u00e7 t\u00fcketimini tekrar etmiyor. Harici ekran kart\u0131 kullanacak sistem toplay\u0131c\u0131lar\u0131 i\u00e7in 250K modelinin dahili grafik birimsiz KF s\u00fcr\u00fcm\u00fc de sat\u0131\u015fa \u00e7\u0131kacak.<\/p>\n\n\n\n<p>Intel, Arrow Lake Refresh serisinde k\u00f6kl\u00fc bir mimari de\u011fi\u015fikli\u011fe gitmiyor. Bunun yerine daha s\u0131n\u0131rl\u0131 ama do\u011frudan etkili g\u00fcncellemeler yap\u0131yor. DDR5-7200 bellek deste\u011fi art\u0131k standart hale geliyor. <\/p>\n\n\n\n<figure class=\"wp-block-image size-large\"><img loading=\"lazy\" decoding=\"async\" width=\"1024\" height=\"576\" src=\"https:\/\/thesubscriber.net\/tr\/wp-content\/uploads\/sites\/2\/2026\/03\/Intel-Core-Ultra-7-6-1024x576.webp\" alt=\"\" class=\"wp-image-847\" srcset=\"https:\/\/thesubscriber.net\/tr\/wp-content\/uploads\/sites\/2\/2026\/03\/Intel-Core-Ultra-7-6-1024x576.webp 1024w, https:\/\/thesubscriber.net\/tr\/wp-content\/uploads\/sites\/2\/2026\/03\/Intel-Core-Ultra-7-6-300x169.webp 300w, https:\/\/thesubscriber.net\/tr\/wp-content\/uploads\/sites\/2\/2026\/03\/Intel-Core-Ultra-7-6-768x432.webp 768w, https:\/\/thesubscriber.net\/tr\/wp-content\/uploads\/sites\/2\/2026\/03\/Intel-Core-Ultra-7-6-696x392.webp 696w, https:\/\/thesubscriber.net\/tr\/wp-content\/uploads\/sites\/2\/2026\/03\/Intel-Core-Ultra-7-6-1068x601.webp 1068w, https:\/\/thesubscriber.net\/tr\/wp-content\/uploads\/sites\/2\/2026\/03\/Intel-Core-Ultra-7-6.webp 1456w\" sizes=\"auto, (max-width: 1024px) 100vw, 1024px\" \/><\/figure>\n\n\n\n<p>Uyumlu 800 serisi anakartlarda daha y\u00fcksek yo\u011funluklu 4-rank CUDIMM bellek mod\u00fclleri i\u00e7in de haz\u0131rl\u0131k yap\u0131l\u0131yor. Intel, 2026 boyunca \u00e7\u0131kacak yeni anakart varyantlar\u0131n\u0131n bu bellek yap\u0131land\u0131rmalar\u0131n\u0131 daha kapsaml\u0131 \u015fekilde destekleyece\u011fini s\u00f6yl\u00fcyor.<\/p>\n\n\n\n<p>\u015eirketin oyun performans\u0131 taraf\u0131ndaki en b\u00fcy\u00fck iddialar\u0131ndan biri de Intel Binary Optimization Tool adl\u0131 yeni ara\u00e7 \u00fczerine kurulu. Bu ara\u00e7, geli\u015ftiricilerin oyun kodunda de\u011fi\u015fiklik yapmas\u0131na gerek kalmadan belirli oyunlarda performans\u0131 art\u0131rmak i\u00e7in haz\u0131rlanan bir ikili \u00e7eviri katman\u0131 olarak tan\u0131mlan\u0131yor.<\/p>\n\n\n\n<p>Intel\u2019in kendi test sonu\u00e7lar\u0131na g\u00f6re Core Ultra 7 270K Plus, Core Ultra 7 265K ile k\u0131yasland\u0131\u011f\u0131nda Shadow of the Tomb Raider oyununda y\u00fczde 39\u2019a kadar daha y\u00fcksek performans verebiliyor. <\/p>\n\n\n\n<p>Assassin\u2019s Creed Shadows taraf\u0131nda ise art\u0131\u015f y\u00fczde 4 seviyesinde kal\u0131yor. Intel\u2019in bu kar\u015f\u0131la\u015ft\u0131rmalarda daha \u00e7ok do\u011frudan \u00f6nceki modelleri baz ald\u0131\u011f\u0131 g\u00f6r\u00fcl\u00fcyor. AMD rakipleri ya da daha eski Raptor Lake i\u015flemciler, payla\u015f\u0131lan tabloda daha s\u0131n\u0131rl\u0131 yer buluyor.<\/p>\n\n\n\n<p>Yeni i\u015flemciler mevcut 800 serisi anakartlarla tam uyumlu \u00e7al\u0131\u015f\u0131yor. Core Ultra 7 270K Plus modelinde 36 MB Smart Cache yap\u0131s\u0131 da korunuyor. Bu \u00f6nbellek, performans ve verimlilik \u00e7ekirdeklerinin ortak kulland\u0131\u011f\u0131 L3 havuzunu olu\u015fturmaya devam ediyor.<\/p>\n\n\n\n<p>Intel\u2019in yeni Arrow Lake Refresh hamlesi, \u015firketin masa\u00fcst\u00fc oyun taraf\u0131nda hibrit \u00e7ekirdek tasar\u0131m\u0131 ve yaz\u0131l\u0131m seviyesindeki optimizasyonlara g\u00fcvenmeyi s\u00fcrd\u00fcrd\u00fc\u011f\u00fcn\u00fc g\u00f6steriyor. <\/p>\n\n\n\n<p>Ger\u00e7ek performans tablosu ba\u011f\u0131ms\u0131z testlerle netle\u015fecek. Yine de tan\u0131t\u0131lan bu iki yeni i\u015flemci, Intel\u2019in AMD ile aras\u0131ndaki fark\u0131 azaltmak i\u00e7in masa\u00fcst\u00fc tarafta yeni bir ad\u0131m att\u0131\u011f\u0131n\u0131 ortaya koyuyor.<\/p>\n","protected":false},"excerpt":{"rendered":"<p>Intel, masa\u00fcst\u00fc oyun bilgisayar\u0131 pazar\u0131ndaki konumunu g\u00fc\u00e7lendirmek i\u00e7in iki yeni Arrow Lake Refresh i\u015flemci tan\u0131tt\u0131. \u015eirket bu kez yaln\u0131zca \u00fcst seviye bir amiral gemisi modelle ilerlemiyor. Core Ultra 7 270K Plus ve Core Ultra 5 250K Plus modelleri, ek verimlilik \u00e7ekirdekleri, daha y\u00fcksek bellek deste\u011fi ve yeni bir yaz\u0131l\u0131m optimizasyon katman\u0131yla geliyor. Her iki i\u015flemci [&hellip;]<\/p>\n","protected":false},"author":1,"featured_media":842,"comment_status":"open","ping_status":"open","sticky":false,"template":"","format":"standard","meta":{"footnotes":""},"categories":[23,1,25,65],"tags":[250,252,251],"class_list":{"0":"post-840","1":"post","2":"type-post","3":"status-publish","4":"format-standard","5":"has-post-thumbnail","7":"category-bilgisayar","8":"category-haberler","9":"category-islemci","10":"category-teknoloji","11":"tag-intel","12":"tag-intel-core-ultra-7-250k","13":"tag-intel-core-ultra-7-270k"},"yoast_head":"<!-- This site is optimized with the Yoast SEO Premium plugin v24.6 (Yoast SEO v27.4) - https:\/\/yoast.com\/product\/yoast-seo-premium-wordpress\/ -->\n<title>Intel, Core Ultra 7 270K Plus ve 5 250K Plus i\u015flemcilerini duyurdu - Subscriber<\/title>\n<meta name=\"description\" content=\"Intel, masa\u00fcst\u00fc oyun bilgisayar\u0131 pazar\u0131ndaki konumunu g\u00fc\u00e7lendirmek i\u00e7in iki yeni Arrow Lake Refresh i\u015flemci tan\u0131tt\u0131.\" \/>\n<meta name=\"robots\" content=\"index, follow, max-snippet:-1, max-image-preview:large, max-video-preview:-1\" \/>\n<link rel=\"canonical\" href=\"https:\/\/thesubscriber.net\/tr\/intel-core-ultra-7-270k-plus-250k-plus\/\" \/>\n<meta property=\"og:locale\" content=\"tr_TR\" \/>\n<meta property=\"og:type\" content=\"article\" \/>\n<meta property=\"og:title\" content=\"Intel, Core Ultra 7 270K Plus ve Core Ultra 5 250K Plus i\u015flemcilerini duyurdu\" \/>\n<meta property=\"og:description\" content=\"Intel, masa\u00fcst\u00fc oyun bilgisayar\u0131 pazar\u0131ndaki konumunu g\u00fc\u00e7lendirmek i\u00e7in iki yeni Arrow Lake Refresh i\u015flemci tan\u0131tt\u0131.\" \/>\n<meta property=\"og:url\" content=\"https:\/\/thesubscriber.net\/tr\/intel-core-ultra-7-270k-plus-250k-plus\/\" \/>\n<meta property=\"og:site_name\" content=\"Subscriber\" \/>\n<meta property=\"article:published_time\" content=\"2026-03-12T08:57:41+00:00\" \/>\n<meta property=\"article:modified_time\" content=\"2026-03-12T08:57:42+00:00\" \/>\n<meta property=\"og:image\" content=\"https:\/\/thesubscriber.net\/tr\/wp-content\/uploads\/sites\/2\/2026\/03\/Intel-Core-Ultra-7-270K-Plus.webp\" \/>\n\t<meta property=\"og:image:width\" content=\"2560\" \/>\n\t<meta property=\"og:image:height\" content=\"1289\" \/>\n\t<meta property=\"og:image:type\" content=\"image\/webp\" \/>\n<meta name=\"author\" content=\"info@thesubscriber.net\" \/>\n<meta name=\"twitter:card\" content=\"summary_large_image\" \/>\n<meta name=\"twitter:label1\" content=\"Yazan:\" \/>\n\t<meta name=\"twitter:data1\" content=\"info@thesubscriber.net\" \/>\n\t<meta name=\"twitter:label2\" content=\"Tahmini okuma s\u00fcresi\" \/>\n\t<meta name=\"twitter:data2\" content=\"6 dakika\" \/>\n<script type=\"application\/ld+json\" class=\"yoast-schema-graph\">{\"@context\":\"https:\\\/\\\/schema.org\",\"@graph\":[{\"@type\":\"Article\",\"@id\":\"https:\\\/\\\/thesubscriber.net\\\/tr\\\/intel-core-ultra-7-270k-plus-250k-plus\\\/#article\",\"isPartOf\":{\"@id\":\"https:\\\/\\\/thesubscriber.net\\\/tr\\\/intel-core-ultra-7-270k-plus-250k-plus\\\/\"},\"author\":{\"name\":\"info@thesubscriber.net\",\"@id\":\"https:\\\/\\\/thesubscriber.net\\\/tr\\\/#\\\/schema\\\/person\\\/2f06d64f3456d81635b7313665b3db21\"},\"headline\":\"Intel, Core Ultra 7 270K Plus ve Core Ultra 5 250K Plus i\u015flemcilerini duyurdu\",\"datePublished\":\"2026-03-12T08:57:41+00:00\",\"dateModified\":\"2026-03-12T08:57:42+00:00\",\"mainEntityOfPage\":{\"@id\":\"https:\\\/\\\/thesubscriber.net\\\/tr\\\/intel-core-ultra-7-270k-plus-250k-plus\\\/\"},\"wordCount\":906,\"commentCount\":0,\"image\":{\"@id\":\"https:\\\/\\\/thesubscriber.net\\\/tr\\\/intel-core-ultra-7-270k-plus-250k-plus\\\/#primaryimage\"},\"thumbnailUrl\":\"https:\\\/\\\/thesubscriber.net\\\/tr\\\/wp-content\\\/uploads\\\/sites\\\/2\\\/2026\\\/03\\\/Intel-Core-Ultra-7-270K-Plus.webp\",\"keywords\":[\"Intel\",\"Intel Core Ultra 7 250K\",\"Intel Core Ultra 7 270K\"],\"articleSection\":[\"Bilgisayar\",\"Haberler\",\"\u0130\u015flemci\",\"Teknoloji\"],\"inLanguage\":\"tr\",\"potentialAction\":[{\"@type\":\"CommentAction\",\"name\":\"Comment\",\"target\":[\"https:\\\/\\\/thesubscriber.net\\\/tr\\\/intel-core-ultra-7-270k-plus-250k-plus\\\/#respond\"]}]},{\"@type\":\"WebPage\",\"@id\":\"https:\\\/\\\/thesubscriber.net\\\/tr\\\/intel-core-ultra-7-270k-plus-250k-plus\\\/\",\"url\":\"https:\\\/\\\/thesubscriber.net\\\/tr\\\/intel-core-ultra-7-270k-plus-250k-plus\\\/\",\"name\":\"Intel, Core Ultra 7 270K Plus ve 5 250K Plus i\u015flemcilerini duyurdu - Subscriber\",\"isPartOf\":{\"@id\":\"https:\\\/\\\/thesubscriber.net\\\/tr\\\/#website\"},\"primaryImageOfPage\":{\"@id\":\"https:\\\/\\\/thesubscriber.net\\\/tr\\\/intel-core-ultra-7-270k-plus-250k-plus\\\/#primaryimage\"},\"image\":{\"@id\":\"https:\\\/\\\/thesubscriber.net\\\/tr\\\/intel-core-ultra-7-270k-plus-250k-plus\\\/#primaryimage\"},\"thumbnailUrl\":\"https:\\\/\\\/thesubscriber.net\\\/tr\\\/wp-content\\\/uploads\\\/sites\\\/2\\\/2026\\\/03\\\/Intel-Core-Ultra-7-270K-Plus.webp\",\"datePublished\":\"2026-03-12T08:57:41+00:00\",\"dateModified\":\"2026-03-12T08:57:42+00:00\",\"author\":{\"@id\":\"https:\\\/\\\/thesubscriber.net\\\/tr\\\/#\\\/schema\\\/person\\\/2f06d64f3456d81635b7313665b3db21\"},\"description\":\"Intel, masa\u00fcst\u00fc oyun bilgisayar\u0131 pazar\u0131ndaki konumunu g\u00fc\u00e7lendirmek i\u00e7in iki yeni Arrow Lake Refresh i\u015flemci tan\u0131tt\u0131.\",\"breadcrumb\":{\"@id\":\"https:\\\/\\\/thesubscriber.net\\\/tr\\\/intel-core-ultra-7-270k-plus-250k-plus\\\/#breadcrumb\"},\"inLanguage\":\"tr\",\"potentialAction\":[{\"@type\":\"ReadAction\",\"target\":[\"https:\\\/\\\/thesubscriber.net\\\/tr\\\/intel-core-ultra-7-270k-plus-250k-plus\\\/\"]}]},{\"@type\":\"ImageObject\",\"inLanguage\":\"tr\",\"@id\":\"https:\\\/\\\/thesubscriber.net\\\/tr\\\/intel-core-ultra-7-270k-plus-250k-plus\\\/#primaryimage\",\"url\":\"https:\\\/\\\/thesubscriber.net\\\/tr\\\/wp-content\\\/uploads\\\/sites\\\/2\\\/2026\\\/03\\\/Intel-Core-Ultra-7-270K-Plus.webp\",\"contentUrl\":\"https:\\\/\\\/thesubscriber.net\\\/tr\\\/wp-content\\\/uploads\\\/sites\\\/2\\\/2026\\\/03\\\/Intel-Core-Ultra-7-270K-Plus.webp\",\"width\":2560,\"height\":1289},{\"@type\":\"BreadcrumbList\",\"@id\":\"https:\\\/\\\/thesubscriber.net\\\/tr\\\/intel-core-ultra-7-270k-plus-250k-plus\\\/#breadcrumb\",\"itemListElement\":[{\"@type\":\"ListItem\",\"position\":1,\"name\":\"Anasayfa\",\"item\":\"https:\\\/\\\/thesubscriber.net\\\/tr\\\/\"},{\"@type\":\"ListItem\",\"position\":2,\"name\":\"Intel, Core Ultra 7 270K Plus ve Core Ultra 5 250K Plus i\u015flemcilerini duyurdu\"}]},{\"@type\":\"WebSite\",\"@id\":\"https:\\\/\\\/thesubscriber.net\\\/tr\\\/#website\",\"url\":\"https:\\\/\\\/thesubscriber.net\\\/tr\\\/\",\"name\":\"Subscriber\",\"description\":\"\",\"potentialAction\":[{\"@type\":\"SearchAction\",\"target\":{\"@type\":\"EntryPoint\",\"urlTemplate\":\"https:\\\/\\\/thesubscriber.net\\\/tr\\\/?s={search_term_string}\"},\"query-input\":{\"@type\":\"PropertyValueSpecification\",\"valueRequired\":true,\"valueName\":\"search_term_string\"}}],\"inLanguage\":\"tr\"},{\"@type\":\"Person\",\"@id\":\"https:\\\/\\\/thesubscriber.net\\\/tr\\\/#\\\/schema\\\/person\\\/2f06d64f3456d81635b7313665b3db21\",\"name\":\"info@thesubscriber.net\",\"image\":{\"@type\":\"ImageObject\",\"inLanguage\":\"tr\",\"@id\":\"https:\\\/\\\/secure.gravatar.com\\\/avatar\\\/2fdf9473b83df0025565e3e3c5545bc2b1072c42e329f6c9099aa79c00596be8?s=96&d=mm&r=g\",\"url\":\"https:\\\/\\\/secure.gravatar.com\\\/avatar\\\/2fdf9473b83df0025565e3e3c5545bc2b1072c42e329f6c9099aa79c00596be8?s=96&d=mm&r=g\",\"contentUrl\":\"https:\\\/\\\/secure.gravatar.com\\\/avatar\\\/2fdf9473b83df0025565e3e3c5545bc2b1072c42e329f6c9099aa79c00596be8?s=96&d=mm&r=g\",\"caption\":\"info@thesubscriber.net\"},\"sameAs\":[\"http:\\\/\\\/thesubscriber.net\"],\"url\":\"https:\\\/\\\/thesubscriber.net\\\/tr\\\/author\\\/infothesubscriber-net\\\/\"}]}<\/script>\n<!-- \/ Yoast SEO Premium plugin. -->","yoast_head_json":{"title":"Intel, Core Ultra 7 270K Plus ve 5 250K Plus i\u015flemcilerini duyurdu - Subscriber","description":"Intel, masa\u00fcst\u00fc oyun bilgisayar\u0131 pazar\u0131ndaki konumunu g\u00fc\u00e7lendirmek i\u00e7in iki yeni Arrow Lake Refresh i\u015flemci tan\u0131tt\u0131.","robots":{"index":"index","follow":"follow","max-snippet":"max-snippet:-1","max-image-preview":"max-image-preview:large","max-video-preview":"max-video-preview:-1"},"canonical":"https:\/\/thesubscriber.net\/tr\/intel-core-ultra-7-270k-plus-250k-plus\/","og_locale":"tr_TR","og_type":"article","og_title":"Intel, Core Ultra 7 270K Plus ve Core Ultra 5 250K Plus i\u015flemcilerini duyurdu","og_description":"Intel, masa\u00fcst\u00fc oyun bilgisayar\u0131 pazar\u0131ndaki konumunu g\u00fc\u00e7lendirmek i\u00e7in iki yeni Arrow Lake Refresh i\u015flemci tan\u0131tt\u0131.","og_url":"https:\/\/thesubscriber.net\/tr\/intel-core-ultra-7-270k-plus-250k-plus\/","og_site_name":"Subscriber","article_published_time":"2026-03-12T08:57:41+00:00","article_modified_time":"2026-03-12T08:57:42+00:00","og_image":[{"width":2560,"height":1289,"url":"https:\/\/thesubscriber.net\/tr\/wp-content\/uploads\/sites\/2\/2026\/03\/Intel-Core-Ultra-7-270K-Plus.webp","type":"image\/webp"}],"author":"info@thesubscriber.net","twitter_card":"summary_large_image","twitter_misc":{"Yazan:":"info@thesubscriber.net","Tahmini okuma s\u00fcresi":"6 dakika"},"schema":{"@context":"https:\/\/schema.org","@graph":[{"@type":"Article","@id":"https:\/\/thesubscriber.net\/tr\/intel-core-ultra-7-270k-plus-250k-plus\/#article","isPartOf":{"@id":"https:\/\/thesubscriber.net\/tr\/intel-core-ultra-7-270k-plus-250k-plus\/"},"author":{"name":"info@thesubscriber.net","@id":"https:\/\/thesubscriber.net\/tr\/#\/schema\/person\/2f06d64f3456d81635b7313665b3db21"},"headline":"Intel, Core Ultra 7 270K Plus ve Core Ultra 5 250K Plus i\u015flemcilerini duyurdu","datePublished":"2026-03-12T08:57:41+00:00","dateModified":"2026-03-12T08:57:42+00:00","mainEntityOfPage":{"@id":"https:\/\/thesubscriber.net\/tr\/intel-core-ultra-7-270k-plus-250k-plus\/"},"wordCount":906,"commentCount":0,"image":{"@id":"https:\/\/thesubscriber.net\/tr\/intel-core-ultra-7-270k-plus-250k-plus\/#primaryimage"},"thumbnailUrl":"https:\/\/thesubscriber.net\/tr\/wp-content\/uploads\/sites\/2\/2026\/03\/Intel-Core-Ultra-7-270K-Plus.webp","keywords":["Intel","Intel Core Ultra 7 250K","Intel Core Ultra 7 270K"],"articleSection":["Bilgisayar","Haberler","\u0130\u015flemci","Teknoloji"],"inLanguage":"tr","potentialAction":[{"@type":"CommentAction","name":"Comment","target":["https:\/\/thesubscriber.net\/tr\/intel-core-ultra-7-270k-plus-250k-plus\/#respond"]}]},{"@type":"WebPage","@id":"https:\/\/thesubscriber.net\/tr\/intel-core-ultra-7-270k-plus-250k-plus\/","url":"https:\/\/thesubscriber.net\/tr\/intel-core-ultra-7-270k-plus-250k-plus\/","name":"Intel, Core Ultra 7 270K Plus ve 5 250K Plus i\u015flemcilerini duyurdu - Subscriber","isPartOf":{"@id":"https:\/\/thesubscriber.net\/tr\/#website"},"primaryImageOfPage":{"@id":"https:\/\/thesubscriber.net\/tr\/intel-core-ultra-7-270k-plus-250k-plus\/#primaryimage"},"image":{"@id":"https:\/\/thesubscriber.net\/tr\/intel-core-ultra-7-270k-plus-250k-plus\/#primaryimage"},"thumbnailUrl":"https:\/\/thesubscriber.net\/tr\/wp-content\/uploads\/sites\/2\/2026\/03\/Intel-Core-Ultra-7-270K-Plus.webp","datePublished":"2026-03-12T08:57:41+00:00","dateModified":"2026-03-12T08:57:42+00:00","author":{"@id":"https:\/\/thesubscriber.net\/tr\/#\/schema\/person\/2f06d64f3456d81635b7313665b3db21"},"description":"Intel, masa\u00fcst\u00fc oyun bilgisayar\u0131 pazar\u0131ndaki konumunu g\u00fc\u00e7lendirmek i\u00e7in iki yeni Arrow Lake Refresh i\u015flemci tan\u0131tt\u0131.","breadcrumb":{"@id":"https:\/\/thesubscriber.net\/tr\/intel-core-ultra-7-270k-plus-250k-plus\/#breadcrumb"},"inLanguage":"tr","potentialAction":[{"@type":"ReadAction","target":["https:\/\/thesubscriber.net\/tr\/intel-core-ultra-7-270k-plus-250k-plus\/"]}]},{"@type":"ImageObject","inLanguage":"tr","@id":"https:\/\/thesubscriber.net\/tr\/intel-core-ultra-7-270k-plus-250k-plus\/#primaryimage","url":"https:\/\/thesubscriber.net\/tr\/wp-content\/uploads\/sites\/2\/2026\/03\/Intel-Core-Ultra-7-270K-Plus.webp","contentUrl":"https:\/\/thesubscriber.net\/tr\/wp-content\/uploads\/sites\/2\/2026\/03\/Intel-Core-Ultra-7-270K-Plus.webp","width":2560,"height":1289},{"@type":"BreadcrumbList","@id":"https:\/\/thesubscriber.net\/tr\/intel-core-ultra-7-270k-plus-250k-plus\/#breadcrumb","itemListElement":[{"@type":"ListItem","position":1,"name":"Anasayfa","item":"https:\/\/thesubscriber.net\/tr\/"},{"@type":"ListItem","position":2,"name":"Intel, Core Ultra 7 270K Plus ve Core Ultra 5 250K Plus i\u015flemcilerini duyurdu"}]},{"@type":"WebSite","@id":"https:\/\/thesubscriber.net\/tr\/#website","url":"https:\/\/thesubscriber.net\/tr\/","name":"Subscriber","description":"","potentialAction":[{"@type":"SearchAction","target":{"@type":"EntryPoint","urlTemplate":"https:\/\/thesubscriber.net\/tr\/?s={search_term_string}"},"query-input":{"@type":"PropertyValueSpecification","valueRequired":true,"valueName":"search_term_string"}}],"inLanguage":"tr"},{"@type":"Person","@id":"https:\/\/thesubscriber.net\/tr\/#\/schema\/person\/2f06d64f3456d81635b7313665b3db21","name":"info@thesubscriber.net","image":{"@type":"ImageObject","inLanguage":"tr","@id":"https:\/\/secure.gravatar.com\/avatar\/2fdf9473b83df0025565e3e3c5545bc2b1072c42e329f6c9099aa79c00596be8?s=96&d=mm&r=g","url":"https:\/\/secure.gravatar.com\/avatar\/2fdf9473b83df0025565e3e3c5545bc2b1072c42e329f6c9099aa79c00596be8?s=96&d=mm&r=g","contentUrl":"https:\/\/secure.gravatar.com\/avatar\/2fdf9473b83df0025565e3e3c5545bc2b1072c42e329f6c9099aa79c00596be8?s=96&d=mm&r=g","caption":"info@thesubscriber.net"},"sameAs":["http:\/\/thesubscriber.net"],"url":"https:\/\/thesubscriber.net\/tr\/author\/infothesubscriber-net\/"}]}},"_links":{"self":[{"href":"https:\/\/thesubscriber.net\/tr\/wp-json\/wp\/v2\/posts\/840","targetHints":{"allow":["GET"]}}],"collection":[{"href":"https:\/\/thesubscriber.net\/tr\/wp-json\/wp\/v2\/posts"}],"about":[{"href":"https:\/\/thesubscriber.net\/tr\/wp-json\/wp\/v2\/types\/post"}],"author":[{"embeddable":true,"href":"https:\/\/thesubscriber.net\/tr\/wp-json\/wp\/v2\/users\/1"}],"replies":[{"embeddable":true,"href":"https:\/\/thesubscriber.net\/tr\/wp-json\/wp\/v2\/comments?post=840"}],"version-history":[{"count":2,"href":"https:\/\/thesubscriber.net\/tr\/wp-json\/wp\/v2\/posts\/840\/revisions"}],"predecessor-version":[{"id":848,"href":"https:\/\/thesubscriber.net\/tr\/wp-json\/wp\/v2\/posts\/840\/revisions\/848"}],"wp:featuredmedia":[{"embeddable":true,"href":"https:\/\/thesubscriber.net\/tr\/wp-json\/wp\/v2\/media\/842"}],"wp:attachment":[{"href":"https:\/\/thesubscriber.net\/tr\/wp-json\/wp\/v2\/media?parent=840"}],"wp:term":[{"taxonomy":"category","embeddable":true,"href":"https:\/\/thesubscriber.net\/tr\/wp-json\/wp\/v2\/categories?post=840"},{"taxonomy":"post_tag","embeddable":true,"href":"https:\/\/thesubscriber.net\/tr\/wp-json\/wp\/v2\/tags?post=840"}],"curies":[{"name":"wp","href":"https:\/\/api.w.org\/{rel}","templated":true}]}}