{"id":830,"date":"2026-03-11T19:47:49","date_gmt":"2026-03-11T16:47:49","guid":{"rendered":"https:\/\/thesubscriber.net\/tr\/?p=830"},"modified":"2026-03-11T19:47:49","modified_gmt":"2026-03-11T16:47:49","slug":"kucuk-dinamik-ada-iphone-19-pro-kalabilir","status":"publish","type":"post","link":"https:\/\/thesubscriber.net\/tr\/kucuk-dinamik-ada-iphone-19-pro-kalabilir\/","title":{"rendered":"K\u00fc\u00e7\u00fck Dinamik Ada iPhone 19 Pro\u2019ya kalabilir"},"content":{"rendered":"\n<p>Apple\u2019\u0131n iPhone 18 Pro ile daha k\u00fc\u00e7\u00fck bir Dinamik Ada tasar\u0131m\u0131na ge\u00e7ece\u011fi bir s\u00fcredir konu\u015fuluyordu. Son s\u0131z\u0131nt\u0131lar ise bu de\u011fi\u015fikli\u011fin beklenenden daha ge\u00e7 gelebilece\u011fini g\u00f6steriyor. Yeni iddialara g\u00f6re Apple, daha kompakt Dinamik Ada tasar\u0131m\u0131n\u0131 iPhone 18 Pro yerine iPhone 19 Pro serisine sakl\u0131yor olabilir.<\/p>\n\n\n\n<h2 class=\"wp-block-heading\" id=\"h-iphone-18-pro-iphone-17-pro-ya-oldukca-yakin-kalabilir\">iPhone 18 Pro, iPhone 17 Pro\u2019ya olduk\u00e7a yak\u0131n kalabilir<\/h2>\n\n\n\n<p>Zaman zaman do\u011fru \u00e7\u0131kan payla\u015f\u0131mlar\u0131yla bilinen Digital Chat Station, daha \u00f6nce iPhone 18 Pro modelinde daha k\u00fc\u00e7\u00fck bir Dinamik Ada yer alaca\u011f\u0131n\u0131 s\u00f6yleyen kaynaklar aras\u0131ndayd\u0131. <\/p>\n\n\n\n<figure class=\"wp-block-image size-large\"><img loading=\"lazy\" decoding=\"async\" width=\"1024\" height=\"576\" src=\"https:\/\/thesubscriber.net\/tr\/wp-content\/uploads\/sites\/2\/2026\/03\/iPhone-18-Pro-1024x576.jpg\" alt=\"\" class=\"wp-image-833\" srcset=\"https:\/\/thesubscriber.net\/tr\/wp-content\/uploads\/sites\/2\/2026\/03\/iPhone-18-Pro-1024x576.jpg 1024w, https:\/\/thesubscriber.net\/tr\/wp-content\/uploads\/sites\/2\/2026\/03\/iPhone-18-Pro-300x169.jpg 300w, https:\/\/thesubscriber.net\/tr\/wp-content\/uploads\/sites\/2\/2026\/03\/iPhone-18-Pro-768x432.jpg 768w, https:\/\/thesubscriber.net\/tr\/wp-content\/uploads\/sites\/2\/2026\/03\/iPhone-18-Pro-696x392.jpg 696w, https:\/\/thesubscriber.net\/tr\/wp-content\/uploads\/sites\/2\/2026\/03\/iPhone-18-Pro-1068x601.jpg 1068w, https:\/\/thesubscriber.net\/tr\/wp-content\/uploads\/sites\/2\/2026\/03\/iPhone-18-Pro.jpg 1312w\" sizes=\"auto, (max-width: 1024px) 100vw, 1024px\" \/><\/figure>\n\n\n\n<p>Ancak Weibo\u2019da yapt\u0131\u011f\u0131 son payla\u015f\u0131mda bu de\u011fi\u015fikli\u011fin bir sonraki nesle ertelendi\u011fini \u00f6ne s\u00fcrd\u00fc. Buna g\u00f6re daha k\u00fc\u00e7\u00fck Dinamik Ada tasar\u0131m\u0131 iPhone 19 Pro ile gelebilir.<\/p>\n\n\n\n<p>Ayn\u0131 payla\u015f\u0131mda Apple\u2019\u0131n iPhone 17 Pro i\u00e7in kulland\u0131\u011f\u0131 kal\u0131plar\u0131 yeniden de\u011ferlendirdi\u011fi de iddia edildi. Bu bilgi do\u011fruysa iPhone 18 Pro\u2019nun d\u0131\u015f g\u00f6r\u00fcn\u00fc\u015f\u00fcnde b\u00fcy\u00fck bir de\u011fi\u015fiklik g\u00f6r\u00fclmeyebilir.<\/p>\n\n\n\n<p>Benzer y\u00f6nde bir payla\u015f\u0131m Ice Universe taraf\u0131ndan da yap\u0131ld\u0131. S\u0131z\u0131nt\u0131ya g\u00f6re yeni modelde kayda de\u011fer bir tasar\u0131m fark\u0131 bulunmuyor. Cihaz\u0131n g\u00f6vde \u00f6l\u00e7\u00fclerinde de \u00e7ok b\u00fcy\u00fck bir de\u011fi\u015fim beklenmiyor.<\/p>\n\n\n\n<p>Yine de tamamen ayn\u0131 bir yap\u0131dan s\u00f6z edilmiyor. \u0130ddialara g\u00f6re iPhone 18 Pro Max\u2019in kal\u0131nl\u0131\u011f\u0131 8,8 mm olacak. iPhone 17 Pro Max taraf\u0131nda bu \u00f6l\u00e7\u00fc 8,75 mm seviyesinde yer al\u0131yor. K\u00fc\u00e7\u00fck art\u0131\u015f, daha b\u00fcy\u00fck pil s\u00f6ylentileriyle \u00f6rt\u00fc\u015f\u00fcyor.<\/p>\n\n\n\n<p>Daha \u00f6nce s\u0131zd\u0131r\u0131lan iPhone 18 serisi detaylar\u0131nda ekran boyutlar\u0131 d\u0131\u015f\u0131nda baz\u0131 teknik bilgiler de yer alm\u0131\u015ft\u0131. Bu bilgilere g\u00f6re iPhone 18 Pro\u2019da A20 Pro i\u015flemci, biraz daha uzun pil \u00f6mr\u00fc ve de\u011fi\u015fken diyaframl\u0131 kamera bulunabilir.<\/p>\n\n\n\n<p>Digital Chat Station, bu yenilikleri modelin temel g\u00fcncellemeleri olarak de\u011ferlendiriyor. Yani Apple\u2019\u0131n iPhone 18 Pro\u2019da d\u0131\u015f tasar\u0131mdan \u00e7ok donan\u0131m taraf\u0131ndaki de\u011fi\u015fikliklere a\u011f\u0131rl\u0131k vermesi bekleniyor.<\/p>\n\n\n\n<p>Ancak yeni iPhone\u2019un d\u0131\u015far\u0131dan bak\u0131ld\u0131\u011f\u0131nda da farkl\u0131 g\u00f6r\u00fcnmesini isteyen kullan\u0131c\u0131lar i\u00e7in tablo daha s\u0131n\u0131rl\u0131 olabilir. S\u0131z\u0131nt\u0131lar do\u011fru \u00e7\u0131karsa Apple, iPhone 18 Pro\u2019yu ay\u0131rmak i\u00e7in b\u00fcy\u00fck bir tasar\u0131m de\u011fi\u015fikli\u011fi yerine yeni renk se\u00e7eneklerine y\u00f6nelebilir.<\/p>\n","protected":false},"excerpt":{"rendered":"<p>Apple\u2019\u0131n iPhone 18 Pro ile daha k\u00fc\u00e7\u00fck bir Dinamik Ada tasar\u0131m\u0131na ge\u00e7ece\u011fi bir s\u00fcredir konu\u015fuluyordu. Son s\u0131z\u0131nt\u0131lar ise bu de\u011fi\u015fikli\u011fin beklenenden daha ge\u00e7 gelebilece\u011fini g\u00f6steriyor. Yeni iddialara g\u00f6re Apple, daha kompakt Dinamik Ada tasar\u0131m\u0131n\u0131 iPhone 18 Pro yerine iPhone 19 Pro serisine sakl\u0131yor olabilir. iPhone 18 Pro, iPhone 17 Pro\u2019ya olduk\u00e7a yak\u0131n kalabilir Zaman zaman [&hellip;]<\/p>\n","protected":false},"author":1,"featured_media":831,"comment_status":"open","ping_status":"open","sticky":false,"template":"","format":"standard","meta":{"footnotes":""},"categories":[56,1,65],"tags":[247,248],"class_list":{"0":"post-830","1":"post","2":"type-post","3":"status-publish","4":"format-standard","5":"has-post-thumbnail","7":"category-akilli-telefon","8":"category-haberler","9":"category-teknoloji","10":"tag-iphone-18-pro","11":"tag-iphone-19-pro"},"yoast_head":"<!-- This site is optimized with the Yoast SEO Premium plugin v24.6 (Yoast SEO v27.4) - https:\/\/yoast.com\/product\/yoast-seo-premium-wordpress\/ -->\n<title>K\u00fc\u00e7\u00fck Dinamik Ada iPhone 19 Pro\u2019ya kalabilir - Subscriber<\/title>\n<meta name=\"description\" content=\"Apple\u2019\u0131n iPhone 18 Pro ile daha k\u00fc\u00e7\u00fck bir Dinamik Ada tasar\u0131m\u0131na ge\u00e7ece\u011fi bir s\u00fcredir konu\u015fuluyordu. Fakat i\u015fler beklendi\u011fi gibi olmayacak.\" \/>\n<meta name=\"robots\" content=\"index, follow, max-snippet:-1, max-image-preview:large, max-video-preview:-1\" \/>\n<link rel=\"canonical\" href=\"https:\/\/thesubscriber.net\/tr\/kucuk-dinamik-ada-iphone-19-pro-kalabilir\/\" \/>\n<meta property=\"og:locale\" content=\"tr_TR\" \/>\n<meta property=\"og:type\" content=\"article\" \/>\n<meta property=\"og:title\" content=\"K\u00fc\u00e7\u00fck Dinamik Ada iPhone 19 Pro\u2019ya kalabilir\" \/>\n<meta property=\"og:description\" content=\"Apple\u2019\u0131n iPhone 18 Pro ile daha k\u00fc\u00e7\u00fck bir Dinamik Ada tasar\u0131m\u0131na ge\u00e7ece\u011fi bir s\u00fcredir konu\u015fuluyordu. Fakat i\u015fler beklendi\u011fi gibi olmayacak.\" \/>\n<meta property=\"og:url\" content=\"https:\/\/thesubscriber.net\/tr\/kucuk-dinamik-ada-iphone-19-pro-kalabilir\/\" \/>\n<meta property=\"og:site_name\" content=\"Subscriber\" \/>\n<meta property=\"article:published_time\" content=\"2026-03-11T16:47:49+00:00\" \/>\n<meta property=\"og:image\" content=\"https:\/\/thesubscriber.net\/tr\/wp-content\/uploads\/sites\/2\/2026\/03\/iPhone-18-Pro-2.webp\" \/>\n\t<meta property=\"og:image:width\" content=\"1280\" \/>\n\t<meta property=\"og:image:height\" content=\"720\" \/>\n\t<meta property=\"og:image:type\" content=\"image\/webp\" \/>\n<meta name=\"author\" content=\"info@thesubscriber.net\" \/>\n<meta name=\"twitter:card\" content=\"summary_large_image\" \/>\n<meta name=\"twitter:label1\" content=\"Yazan:\" \/>\n\t<meta name=\"twitter:data1\" content=\"info@thesubscriber.net\" \/>\n\t<meta name=\"twitter:label2\" content=\"Tahmini okuma s\u00fcresi\" \/>\n\t<meta name=\"twitter:data2\" content=\"3 dakika\" \/>\n<script type=\"application\/ld+json\" class=\"yoast-schema-graph\">{\"@context\":\"https:\\\/\\\/schema.org\",\"@graph\":[{\"@type\":\"Article\",\"@id\":\"https:\\\/\\\/thesubscriber.net\\\/tr\\\/kucuk-dinamik-ada-iphone-19-pro-kalabilir\\\/#article\",\"isPartOf\":{\"@id\":\"https:\\\/\\\/thesubscriber.net\\\/tr\\\/kucuk-dinamik-ada-iphone-19-pro-kalabilir\\\/\"},\"author\":{\"name\":\"info@thesubscriber.net\",\"@id\":\"https:\\\/\\\/thesubscriber.net\\\/tr\\\/#\\\/schema\\\/person\\\/2f06d64f3456d81635b7313665b3db21\"},\"headline\":\"K\u00fc\u00e7\u00fck Dinamik Ada iPhone 19 Pro\u2019ya kalabilir\",\"datePublished\":\"2026-03-11T16:47:49+00:00\",\"mainEntityOfPage\":{\"@id\":\"https:\\\/\\\/thesubscriber.net\\\/tr\\\/kucuk-dinamik-ada-iphone-19-pro-kalabilir\\\/\"},\"wordCount\":412,\"commentCount\":0,\"image\":{\"@id\":\"https:\\\/\\\/thesubscriber.net\\\/tr\\\/kucuk-dinamik-ada-iphone-19-pro-kalabilir\\\/#primaryimage\"},\"thumbnailUrl\":\"https:\\\/\\\/thesubscriber.net\\\/tr\\\/wp-content\\\/uploads\\\/sites\\\/2\\\/2026\\\/03\\\/iPhone-18-Pro-2.webp\",\"keywords\":[\"iPhone 18 Pro\",\"iPhone 19 Pro\"],\"articleSection\":[\"Ak\u0131ll\u0131 Telefon\",\"Haberler\",\"Teknoloji\"],\"inLanguage\":\"tr\",\"potentialAction\":[{\"@type\":\"CommentAction\",\"name\":\"Comment\",\"target\":[\"https:\\\/\\\/thesubscriber.net\\\/tr\\\/kucuk-dinamik-ada-iphone-19-pro-kalabilir\\\/#respond\"]}]},{\"@type\":\"WebPage\",\"@id\":\"https:\\\/\\\/thesubscriber.net\\\/tr\\\/kucuk-dinamik-ada-iphone-19-pro-kalabilir\\\/\",\"url\":\"https:\\\/\\\/thesubscriber.net\\\/tr\\\/kucuk-dinamik-ada-iphone-19-pro-kalabilir\\\/\",\"name\":\"K\u00fc\u00e7\u00fck Dinamik Ada iPhone 19 Pro\u2019ya kalabilir - Subscriber\",\"isPartOf\":{\"@id\":\"https:\\\/\\\/thesubscriber.net\\\/tr\\\/#website\"},\"primaryImageOfPage\":{\"@id\":\"https:\\\/\\\/thesubscriber.net\\\/tr\\\/kucuk-dinamik-ada-iphone-19-pro-kalabilir\\\/#primaryimage\"},\"image\":{\"@id\":\"https:\\\/\\\/thesubscriber.net\\\/tr\\\/kucuk-dinamik-ada-iphone-19-pro-kalabilir\\\/#primaryimage\"},\"thumbnailUrl\":\"https:\\\/\\\/thesubscriber.net\\\/tr\\\/wp-content\\\/uploads\\\/sites\\\/2\\\/2026\\\/03\\\/iPhone-18-Pro-2.webp\",\"datePublished\":\"2026-03-11T16:47:49+00:00\",\"author\":{\"@id\":\"https:\\\/\\\/thesubscriber.net\\\/tr\\\/#\\\/schema\\\/person\\\/2f06d64f3456d81635b7313665b3db21\"},\"description\":\"Apple\u2019\u0131n iPhone 18 Pro ile daha k\u00fc\u00e7\u00fck bir Dinamik Ada tasar\u0131m\u0131na ge\u00e7ece\u011fi bir s\u00fcredir konu\u015fuluyordu. Fakat i\u015fler beklendi\u011fi gibi olmayacak.\",\"breadcrumb\":{\"@id\":\"https:\\\/\\\/thesubscriber.net\\\/tr\\\/kucuk-dinamik-ada-iphone-19-pro-kalabilir\\\/#breadcrumb\"},\"inLanguage\":\"tr\",\"potentialAction\":[{\"@type\":\"ReadAction\",\"target\":[\"https:\\\/\\\/thesubscriber.net\\\/tr\\\/kucuk-dinamik-ada-iphone-19-pro-kalabilir\\\/\"]}]},{\"@type\":\"ImageObject\",\"inLanguage\":\"tr\",\"@id\":\"https:\\\/\\\/thesubscriber.net\\\/tr\\\/kucuk-dinamik-ada-iphone-19-pro-kalabilir\\\/#primaryimage\",\"url\":\"https:\\\/\\\/thesubscriber.net\\\/tr\\\/wp-content\\\/uploads\\\/sites\\\/2\\\/2026\\\/03\\\/iPhone-18-Pro-2.webp\",\"contentUrl\":\"https:\\\/\\\/thesubscriber.net\\\/tr\\\/wp-content\\\/uploads\\\/sites\\\/2\\\/2026\\\/03\\\/iPhone-18-Pro-2.webp\",\"width\":1280,\"height\":720},{\"@type\":\"BreadcrumbList\",\"@id\":\"https:\\\/\\\/thesubscriber.net\\\/tr\\\/kucuk-dinamik-ada-iphone-19-pro-kalabilir\\\/#breadcrumb\",\"itemListElement\":[{\"@type\":\"ListItem\",\"position\":1,\"name\":\"Anasayfa\",\"item\":\"https:\\\/\\\/thesubscriber.net\\\/tr\\\/\"},{\"@type\":\"ListItem\",\"position\":2,\"name\":\"K\u00fc\u00e7\u00fck Dinamik Ada iPhone 19 Pro\u2019ya kalabilir\"}]},{\"@type\":\"WebSite\",\"@id\":\"https:\\\/\\\/thesubscriber.net\\\/tr\\\/#website\",\"url\":\"https:\\\/\\\/thesubscriber.net\\\/tr\\\/\",\"name\":\"Subscriber\",\"description\":\"\",\"potentialAction\":[{\"@type\":\"SearchAction\",\"target\":{\"@type\":\"EntryPoint\",\"urlTemplate\":\"https:\\\/\\\/thesubscriber.net\\\/tr\\\/?s={search_term_string}\"},\"query-input\":{\"@type\":\"PropertyValueSpecification\",\"valueRequired\":true,\"valueName\":\"search_term_string\"}}],\"inLanguage\":\"tr\"},{\"@type\":\"Person\",\"@id\":\"https:\\\/\\\/thesubscriber.net\\\/tr\\\/#\\\/schema\\\/person\\\/2f06d64f3456d81635b7313665b3db21\",\"name\":\"info@thesubscriber.net\",\"image\":{\"@type\":\"ImageObject\",\"inLanguage\":\"tr\",\"@id\":\"https:\\\/\\\/secure.gravatar.com\\\/avatar\\\/2fdf9473b83df0025565e3e3c5545bc2b1072c42e329f6c9099aa79c00596be8?s=96&d=mm&r=g\",\"url\":\"https:\\\/\\\/secure.gravatar.com\\\/avatar\\\/2fdf9473b83df0025565e3e3c5545bc2b1072c42e329f6c9099aa79c00596be8?s=96&d=mm&r=g\",\"contentUrl\":\"https:\\\/\\\/secure.gravatar.com\\\/avatar\\\/2fdf9473b83df0025565e3e3c5545bc2b1072c42e329f6c9099aa79c00596be8?s=96&d=mm&r=g\",\"caption\":\"info@thesubscriber.net\"},\"sameAs\":[\"http:\\\/\\\/thesubscriber.net\"],\"url\":\"https:\\\/\\\/thesubscriber.net\\\/tr\\\/author\\\/infothesubscriber-net\\\/\"}]}<\/script>\n<!-- \/ Yoast SEO Premium plugin. -->","yoast_head_json":{"title":"K\u00fc\u00e7\u00fck Dinamik Ada iPhone 19 Pro\u2019ya kalabilir - Subscriber","description":"Apple\u2019\u0131n iPhone 18 Pro ile daha k\u00fc\u00e7\u00fck bir Dinamik Ada tasar\u0131m\u0131na ge\u00e7ece\u011fi bir s\u00fcredir konu\u015fuluyordu. Fakat i\u015fler beklendi\u011fi gibi olmayacak.","robots":{"index":"index","follow":"follow","max-snippet":"max-snippet:-1","max-image-preview":"max-image-preview:large","max-video-preview":"max-video-preview:-1"},"canonical":"https:\/\/thesubscriber.net\/tr\/kucuk-dinamik-ada-iphone-19-pro-kalabilir\/","og_locale":"tr_TR","og_type":"article","og_title":"K\u00fc\u00e7\u00fck Dinamik Ada iPhone 19 Pro\u2019ya kalabilir","og_description":"Apple\u2019\u0131n iPhone 18 Pro ile daha k\u00fc\u00e7\u00fck bir Dinamik Ada tasar\u0131m\u0131na ge\u00e7ece\u011fi bir s\u00fcredir konu\u015fuluyordu. Fakat i\u015fler beklendi\u011fi gibi olmayacak.","og_url":"https:\/\/thesubscriber.net\/tr\/kucuk-dinamik-ada-iphone-19-pro-kalabilir\/","og_site_name":"Subscriber","article_published_time":"2026-03-11T16:47:49+00:00","og_image":[{"width":1280,"height":720,"url":"https:\/\/thesubscriber.net\/tr\/wp-content\/uploads\/sites\/2\/2026\/03\/iPhone-18-Pro-2.webp","type":"image\/webp"}],"author":"info@thesubscriber.net","twitter_card":"summary_large_image","twitter_misc":{"Yazan:":"info@thesubscriber.net","Tahmini okuma s\u00fcresi":"3 dakika"},"schema":{"@context":"https:\/\/schema.org","@graph":[{"@type":"Article","@id":"https:\/\/thesubscriber.net\/tr\/kucuk-dinamik-ada-iphone-19-pro-kalabilir\/#article","isPartOf":{"@id":"https:\/\/thesubscriber.net\/tr\/kucuk-dinamik-ada-iphone-19-pro-kalabilir\/"},"author":{"name":"info@thesubscriber.net","@id":"https:\/\/thesubscriber.net\/tr\/#\/schema\/person\/2f06d64f3456d81635b7313665b3db21"},"headline":"K\u00fc\u00e7\u00fck Dinamik Ada iPhone 19 Pro\u2019ya kalabilir","datePublished":"2026-03-11T16:47:49+00:00","mainEntityOfPage":{"@id":"https:\/\/thesubscriber.net\/tr\/kucuk-dinamik-ada-iphone-19-pro-kalabilir\/"},"wordCount":412,"commentCount":0,"image":{"@id":"https:\/\/thesubscriber.net\/tr\/kucuk-dinamik-ada-iphone-19-pro-kalabilir\/#primaryimage"},"thumbnailUrl":"https:\/\/thesubscriber.net\/tr\/wp-content\/uploads\/sites\/2\/2026\/03\/iPhone-18-Pro-2.webp","keywords":["iPhone 18 Pro","iPhone 19 Pro"],"articleSection":["Ak\u0131ll\u0131 Telefon","Haberler","Teknoloji"],"inLanguage":"tr","potentialAction":[{"@type":"CommentAction","name":"Comment","target":["https:\/\/thesubscriber.net\/tr\/kucuk-dinamik-ada-iphone-19-pro-kalabilir\/#respond"]}]},{"@type":"WebPage","@id":"https:\/\/thesubscriber.net\/tr\/kucuk-dinamik-ada-iphone-19-pro-kalabilir\/","url":"https:\/\/thesubscriber.net\/tr\/kucuk-dinamik-ada-iphone-19-pro-kalabilir\/","name":"K\u00fc\u00e7\u00fck Dinamik Ada iPhone 19 Pro\u2019ya kalabilir - Subscriber","isPartOf":{"@id":"https:\/\/thesubscriber.net\/tr\/#website"},"primaryImageOfPage":{"@id":"https:\/\/thesubscriber.net\/tr\/kucuk-dinamik-ada-iphone-19-pro-kalabilir\/#primaryimage"},"image":{"@id":"https:\/\/thesubscriber.net\/tr\/kucuk-dinamik-ada-iphone-19-pro-kalabilir\/#primaryimage"},"thumbnailUrl":"https:\/\/thesubscriber.net\/tr\/wp-content\/uploads\/sites\/2\/2026\/03\/iPhone-18-Pro-2.webp","datePublished":"2026-03-11T16:47:49+00:00","author":{"@id":"https:\/\/thesubscriber.net\/tr\/#\/schema\/person\/2f06d64f3456d81635b7313665b3db21"},"description":"Apple\u2019\u0131n iPhone 18 Pro ile daha k\u00fc\u00e7\u00fck bir Dinamik Ada tasar\u0131m\u0131na ge\u00e7ece\u011fi bir s\u00fcredir konu\u015fuluyordu. Fakat i\u015fler beklendi\u011fi gibi olmayacak.","breadcrumb":{"@id":"https:\/\/thesubscriber.net\/tr\/kucuk-dinamik-ada-iphone-19-pro-kalabilir\/#breadcrumb"},"inLanguage":"tr","potentialAction":[{"@type":"ReadAction","target":["https:\/\/thesubscriber.net\/tr\/kucuk-dinamik-ada-iphone-19-pro-kalabilir\/"]}]},{"@type":"ImageObject","inLanguage":"tr","@id":"https:\/\/thesubscriber.net\/tr\/kucuk-dinamik-ada-iphone-19-pro-kalabilir\/#primaryimage","url":"https:\/\/thesubscriber.net\/tr\/wp-content\/uploads\/sites\/2\/2026\/03\/iPhone-18-Pro-2.webp","contentUrl":"https:\/\/thesubscriber.net\/tr\/wp-content\/uploads\/sites\/2\/2026\/03\/iPhone-18-Pro-2.webp","width":1280,"height":720},{"@type":"BreadcrumbList","@id":"https:\/\/thesubscriber.net\/tr\/kucuk-dinamik-ada-iphone-19-pro-kalabilir\/#breadcrumb","itemListElement":[{"@type":"ListItem","position":1,"name":"Anasayfa","item":"https:\/\/thesubscriber.net\/tr\/"},{"@type":"ListItem","position":2,"name":"K\u00fc\u00e7\u00fck Dinamik Ada iPhone 19 Pro\u2019ya kalabilir"}]},{"@type":"WebSite","@id":"https:\/\/thesubscriber.net\/tr\/#website","url":"https:\/\/thesubscriber.net\/tr\/","name":"Subscriber","description":"","potentialAction":[{"@type":"SearchAction","target":{"@type":"EntryPoint","urlTemplate":"https:\/\/thesubscriber.net\/tr\/?s={search_term_string}"},"query-input":{"@type":"PropertyValueSpecification","valueRequired":true,"valueName":"search_term_string"}}],"inLanguage":"tr"},{"@type":"Person","@id":"https:\/\/thesubscriber.net\/tr\/#\/schema\/person\/2f06d64f3456d81635b7313665b3db21","name":"info@thesubscriber.net","image":{"@type":"ImageObject","inLanguage":"tr","@id":"https:\/\/secure.gravatar.com\/avatar\/2fdf9473b83df0025565e3e3c5545bc2b1072c42e329f6c9099aa79c00596be8?s=96&d=mm&r=g","url":"https:\/\/secure.gravatar.com\/avatar\/2fdf9473b83df0025565e3e3c5545bc2b1072c42e329f6c9099aa79c00596be8?s=96&d=mm&r=g","contentUrl":"https:\/\/secure.gravatar.com\/avatar\/2fdf9473b83df0025565e3e3c5545bc2b1072c42e329f6c9099aa79c00596be8?s=96&d=mm&r=g","caption":"info@thesubscriber.net"},"sameAs":["http:\/\/thesubscriber.net"],"url":"https:\/\/thesubscriber.net\/tr\/author\/infothesubscriber-net\/"}]}},"_links":{"self":[{"href":"https:\/\/thesubscriber.net\/tr\/wp-json\/wp\/v2\/posts\/830","targetHints":{"allow":["GET"]}}],"collection":[{"href":"https:\/\/thesubscriber.net\/tr\/wp-json\/wp\/v2\/posts"}],"about":[{"href":"https:\/\/thesubscriber.net\/tr\/wp-json\/wp\/v2\/types\/post"}],"author":[{"embeddable":true,"href":"https:\/\/thesubscriber.net\/tr\/wp-json\/wp\/v2\/users\/1"}],"replies":[{"embeddable":true,"href":"https:\/\/thesubscriber.net\/tr\/wp-json\/wp\/v2\/comments?post=830"}],"version-history":[{"count":2,"href":"https:\/\/thesubscriber.net\/tr\/wp-json\/wp\/v2\/posts\/830\/revisions"}],"predecessor-version":[{"id":834,"href":"https:\/\/thesubscriber.net\/tr\/wp-json\/wp\/v2\/posts\/830\/revisions\/834"}],"wp:featuredmedia":[{"embeddable":true,"href":"https:\/\/thesubscriber.net\/tr\/wp-json\/wp\/v2\/media\/831"}],"wp:attachment":[{"href":"https:\/\/thesubscriber.net\/tr\/wp-json\/wp\/v2\/media?parent=830"}],"wp:term":[{"taxonomy":"category","embeddable":true,"href":"https:\/\/thesubscriber.net\/tr\/wp-json\/wp\/v2\/categories?post=830"},{"taxonomy":"post_tag","embeddable":true,"href":"https:\/\/thesubscriber.net\/tr\/wp-json\/wp\/v2\/tags?post=830"}],"curies":[{"name":"wp","href":"https:\/\/api.w.org\/{rel}","templated":true}]}}