{"id":815,"date":"2026-03-11T16:33:38","date_gmt":"2026-03-11T13:33:38","guid":{"rendered":"https:\/\/thesubscriber.net\/tr\/?p=815"},"modified":"2026-03-11T16:33:39","modified_gmt":"2026-03-11T13:33:39","slug":"oled-macbook-air-icin-beklenti-2029-kaydi","status":"publish","type":"post","link":"https:\/\/thesubscriber.net\/tr\/oled-macbook-air-icin-beklenti-2029-kaydi\/","title":{"rendered":"OLED MacBook Air i\u00e7in beklenti 2029\u2019a kayd\u0131"},"content":{"rendered":"\n<p>Apple\u2019\u0131n OLED ekran teknolojisini MacBook Air serisine getirme plan\u0131 beklenenden daha ge\u00e7 hayata ge\u00e7ebilir. Analist Ming-Chi Kuo\u2019nun son de\u011ferlendirmesine g\u00f6re \u015firket, OLED panelli MacBook Air modelini 2028 yerine 2029\u2019a yak\u0131n bir tarihte piyasaya s\u00fcrebilir.<\/p>\n\n\n\n<h2 class=\"wp-block-heading\" id=\"h-macbook-air-icin-oled-gecisi-beklenenden-gec-olabilir\">MacBook Air i\u00e7in OLED ge\u00e7i\u015fi beklenenden ge\u00e7 olabilir<\/h2>\n\n\n\n<p>OLED ekranlar, daha ince panel yap\u0131s\u0131 ve daha y\u00fcksek g\u00f6r\u00fcnt\u00fc kalitesi gibi avantajlar nedeniyle uzun s\u00fcredir Apple\u2019\u0131n \u00fcr\u00fcnlerinde yayg\u0131nla\u015fmas\u0131 beklenen teknolojiler aras\u0131nda yer al\u0131yor. <\/p>\n\n\n\n<figure class=\"wp-block-image size-large\"><img loading=\"lazy\" decoding=\"async\" width=\"1024\" height=\"576\" src=\"https:\/\/thesubscriber.net\/tr\/wp-content\/uploads\/sites\/2\/2026\/03\/OLED-ekranli-MacBook-Air-1024x576.webp\" alt=\"\" class=\"wp-image-818\" srcset=\"https:\/\/thesubscriber.net\/tr\/wp-content\/uploads\/sites\/2\/2026\/03\/OLED-ekranli-MacBook-Air-1024x576.webp 1024w, https:\/\/thesubscriber.net\/tr\/wp-content\/uploads\/sites\/2\/2026\/03\/OLED-ekranli-MacBook-Air-300x169.webp 300w, https:\/\/thesubscriber.net\/tr\/wp-content\/uploads\/sites\/2\/2026\/03\/OLED-ekranli-MacBook-Air-768x432.webp 768w, https:\/\/thesubscriber.net\/tr\/wp-content\/uploads\/sites\/2\/2026\/03\/OLED-ekranli-MacBook-Air-696x392.webp 696w, https:\/\/thesubscriber.net\/tr\/wp-content\/uploads\/sites\/2\/2026\/03\/OLED-ekranli-MacBook-Air-1068x601.webp 1068w, https:\/\/thesubscriber.net\/tr\/wp-content\/uploads\/sites\/2\/2026\/03\/OLED-ekranli-MacBook-Air.webp 1280w\" sizes=\"auto, (max-width: 1024px) 100vw, 1024px\" \/><\/figure>\n\n\n\n<p>Daha \u00f6nce baz\u0131 raporlarda MacBook Air i\u00e7in 2027 tarihi \u00f6ne \u00e7\u0131km\u0131\u015ft\u0131. Genel beklenti ise 2028 y\u00f6n\u00fcndeydi. Ming-Chi Kuo\u2019nun son a\u00e7\u0131klamas\u0131, bu takvimin biraz daha ileriye kayabilece\u011fini g\u00f6steriyor.<\/p>\n\n\n\n<p>Kuo, tedarik zinciri taraf\u0131ndaki geli\u015fmeleri ve MacBook Neo ile ilgili beklentileri ele ald\u0131\u011f\u0131 kapsaml\u0131 payla\u015f\u0131m\u0131nda, MacBook Pro i\u00e7in OLED ekran tahminini de yineledi. Analist daha \u00f6nce bu de\u011fi\u015fimin 2026\u2019n\u0131n sonunda ger\u00e7ekle\u015fece\u011fini s\u00f6ylemi\u015fti. Yeni de\u011ferlendirmesinde ise tarihin 2027\u2019nin ba\u015f\u0131na sarkabilece\u011fini belirtti.<\/p>\n\n\n\n<p>MacBook Air i\u00e7in verdi\u011fi bilgiye g\u00f6re OLED panel ge\u00e7i\u015fi 2028 ya da 2029 d\u00f6neminde ger\u00e7ekle\u015febilir. Kuo, bu olas\u0131 gecikmenin arkas\u0131ndaki nedenlere ili\u015fkin ayr\u0131nt\u0131 payla\u015fmad\u0131. Teknik tarafta da ek bilgi vermedi.<\/p>\n\n\n\n<p>Bu ertelemenin nedenlerinden biri, Apple\u2019\u0131n \u00fcr\u00fcn serileri aras\u0131ndaki fark\u0131 daha uzun s\u00fcre korumak istemesi olabilir. OLED ekran\u0131n \u00f6nce daha pahal\u0131 MacBook Pro modellerine gelmesi bekleniyor. \u015eirketin, Pro ve Air aras\u0131ndaki konum fark\u0131n\u0131 belirgin tutmak istemesi olas\u0131l\u0131klar aras\u0131nda yer al\u0131yor.<\/p>\n\n\n\n<p>Bir di\u011fer ihtimal ise OLED ekran\u0131n beklenen \u00f6l\u00e7\u00fcde g\u00fc\u00e7l\u00fc bir yenileme etkisi olu\u015fturmamas\u0131. Apple bu teknolojiyi daha \u00f6nce iPad Pro modellerine ta\u015f\u0131m\u0131\u015ft\u0131. O d\u00f6nemde \u00e7\u0131kan raporlar, bu ge\u00e7i\u015fin beklenen kadar b\u00fcy\u00fck bir y\u00fckseltme dalgas\u0131 yaratmad\u0131\u011f\u0131n\u0131 \u00f6ne s\u00fcrm\u00fc\u015ft\u00fc.<\/p>\n\n\n\n<p>Ming-Chi Kuo, Apple \u00fcr\u00fcnleri ve tedarik zinciri taraf\u0131ndaki \u00f6ng\u00f6r\u00fcleriyle yak\u0131ndan takip edilen isimlerden biri. Buna kar\u015f\u0131n bu son payla\u015f\u0131m\u0131nda da kendi tahminleri ile tedarik zincirinden gelen bilgiler aras\u0131ndaki \u00e7izgiyi net bi\u00e7imde ay\u0131rmamas\u0131 soru i\u015faretlerini koruyor.<\/p>\n","protected":false},"excerpt":{"rendered":"<p>Apple\u2019\u0131n OLED ekran teknolojisini MacBook Air serisine getirme plan\u0131 beklenenden daha ge\u00e7 hayata ge\u00e7ebilir. Analist Ming-Chi Kuo\u2019nun son de\u011ferlendirmesine g\u00f6re \u015firket, OLED panelli MacBook Air modelini 2028 yerine 2029\u2019a yak\u0131n bir tarihte piyasaya s\u00fcrebilir. MacBook Air i\u00e7in OLED ge\u00e7i\u015fi beklenenden ge\u00e7 olabilir OLED ekranlar, daha ince panel yap\u0131s\u0131 ve daha y\u00fcksek g\u00f6r\u00fcnt\u00fc kalitesi gibi avantajlar [&hellip;]<\/p>\n","protected":false},"author":1,"featured_media":817,"comment_status":"open","ping_status":"open","sticky":false,"template":"","format":"standard","meta":{"footnotes":""},"categories":[23,1,102,65],"tags":[72,246],"class_list":{"0":"post-815","1":"post","2":"type-post","3":"status-publish","4":"format-standard","5":"has-post-thumbnail","7":"category-bilgisayar","8":"category-haberler","9":"category-mac","10":"category-teknoloji","11":"tag-apple","12":"tag-macbook-air"},"yoast_head":"<!-- This site is optimized with the Yoast SEO Premium plugin v24.6 (Yoast SEO v27.4) - https:\/\/yoast.com\/product\/yoast-seo-premium-wordpress\/ -->\n<title>OLED MacBook Air i\u00e7in beklenti 2029\u2019a kayd\u0131 - Subscriber<\/title>\n<meta name=\"description\" content=\"Apple\u2019\u0131n OLED ekran teknolojisini MacBook Air serisine getirme plan\u0131 beklenenden daha ge\u00e7 hayata ge\u00e7ebilir.\" \/>\n<meta name=\"robots\" content=\"index, follow, max-snippet:-1, max-image-preview:large, max-video-preview:-1\" \/>\n<link rel=\"canonical\" href=\"https:\/\/thesubscriber.net\/tr\/oled-macbook-air-icin-beklenti-2029-kaydi\/\" \/>\n<meta property=\"og:locale\" content=\"tr_TR\" \/>\n<meta property=\"og:type\" content=\"article\" \/>\n<meta property=\"og:title\" content=\"OLED MacBook Air i\u00e7in beklenti 2029\u2019a kayd\u0131\" \/>\n<meta property=\"og:description\" content=\"Apple\u2019\u0131n OLED ekran teknolojisini MacBook Air serisine getirme plan\u0131 beklenenden daha ge\u00e7 hayata ge\u00e7ebilir.\" \/>\n<meta property=\"og:url\" content=\"https:\/\/thesubscriber.net\/tr\/oled-macbook-air-icin-beklenti-2029-kaydi\/\" \/>\n<meta property=\"og:site_name\" content=\"Subscriber\" \/>\n<meta property=\"article:published_time\" content=\"2026-03-11T13:33:38+00:00\" \/>\n<meta property=\"article:modified_time\" content=\"2026-03-11T13:33:39+00:00\" \/>\n<meta property=\"og:image\" content=\"https:\/\/thesubscriber.net\/tr\/wp-content\/uploads\/sites\/2\/2026\/03\/OLED-ekranli-MacBook-Air-2.jpg\" \/>\n\t<meta property=\"og:image:width\" content=\"1280\" \/>\n\t<meta property=\"og:image:height\" content=\"720\" \/>\n\t<meta property=\"og:image:type\" content=\"image\/jpeg\" \/>\n<meta name=\"author\" content=\"info@thesubscriber.net\" \/>\n<meta name=\"twitter:card\" content=\"summary_large_image\" \/>\n<meta name=\"twitter:label1\" content=\"Yazan:\" \/>\n\t<meta name=\"twitter:data1\" content=\"info@thesubscriber.net\" \/>\n\t<meta name=\"twitter:label2\" content=\"Tahmini okuma s\u00fcresi\" \/>\n\t<meta name=\"twitter:data2\" content=\"3 dakika\" \/>\n<script type=\"application\/ld+json\" class=\"yoast-schema-graph\">{\"@context\":\"https:\\\/\\\/schema.org\",\"@graph\":[{\"@type\":\"Article\",\"@id\":\"https:\\\/\\\/thesubscriber.net\\\/tr\\\/oled-macbook-air-icin-beklenti-2029-kaydi\\\/#article\",\"isPartOf\":{\"@id\":\"https:\\\/\\\/thesubscriber.net\\\/tr\\\/oled-macbook-air-icin-beklenti-2029-kaydi\\\/\"},\"author\":{\"name\":\"info@thesubscriber.net\",\"@id\":\"https:\\\/\\\/thesubscriber.net\\\/tr\\\/#\\\/schema\\\/person\\\/2f06d64f3456d81635b7313665b3db21\"},\"headline\":\"OLED MacBook Air i\u00e7in beklenti 2029\u2019a kayd\u0131\",\"datePublished\":\"2026-03-11T13:33:38+00:00\",\"dateModified\":\"2026-03-11T13:33:39+00:00\",\"mainEntityOfPage\":{\"@id\":\"https:\\\/\\\/thesubscriber.net\\\/tr\\\/oled-macbook-air-icin-beklenti-2029-kaydi\\\/\"},\"wordCount\":373,\"commentCount\":0,\"image\":{\"@id\":\"https:\\\/\\\/thesubscriber.net\\\/tr\\\/oled-macbook-air-icin-beklenti-2029-kaydi\\\/#primaryimage\"},\"thumbnailUrl\":\"https:\\\/\\\/thesubscriber.net\\\/tr\\\/wp-content\\\/uploads\\\/sites\\\/2\\\/2026\\\/03\\\/OLED-ekranli-MacBook-Air-2.jpg\",\"keywords\":[\"apple\",\"MacBook Air\"],\"articleSection\":[\"Bilgisayar\",\"Haberler\",\"Mac\",\"Teknoloji\"],\"inLanguage\":\"tr\",\"potentialAction\":[{\"@type\":\"CommentAction\",\"name\":\"Comment\",\"target\":[\"https:\\\/\\\/thesubscriber.net\\\/tr\\\/oled-macbook-air-icin-beklenti-2029-kaydi\\\/#respond\"]}]},{\"@type\":\"WebPage\",\"@id\":\"https:\\\/\\\/thesubscriber.net\\\/tr\\\/oled-macbook-air-icin-beklenti-2029-kaydi\\\/\",\"url\":\"https:\\\/\\\/thesubscriber.net\\\/tr\\\/oled-macbook-air-icin-beklenti-2029-kaydi\\\/\",\"name\":\"OLED MacBook Air i\u00e7in beklenti 2029\u2019a kayd\u0131 - Subscriber\",\"isPartOf\":{\"@id\":\"https:\\\/\\\/thesubscriber.net\\\/tr\\\/#website\"},\"primaryImageOfPage\":{\"@id\":\"https:\\\/\\\/thesubscriber.net\\\/tr\\\/oled-macbook-air-icin-beklenti-2029-kaydi\\\/#primaryimage\"},\"image\":{\"@id\":\"https:\\\/\\\/thesubscriber.net\\\/tr\\\/oled-macbook-air-icin-beklenti-2029-kaydi\\\/#primaryimage\"},\"thumbnailUrl\":\"https:\\\/\\\/thesubscriber.net\\\/tr\\\/wp-content\\\/uploads\\\/sites\\\/2\\\/2026\\\/03\\\/OLED-ekranli-MacBook-Air-2.jpg\",\"datePublished\":\"2026-03-11T13:33:38+00:00\",\"dateModified\":\"2026-03-11T13:33:39+00:00\",\"author\":{\"@id\":\"https:\\\/\\\/thesubscriber.net\\\/tr\\\/#\\\/schema\\\/person\\\/2f06d64f3456d81635b7313665b3db21\"},\"description\":\"Apple\u2019\u0131n OLED ekran teknolojisini MacBook Air serisine getirme plan\u0131 beklenenden daha ge\u00e7 hayata ge\u00e7ebilir.\",\"breadcrumb\":{\"@id\":\"https:\\\/\\\/thesubscriber.net\\\/tr\\\/oled-macbook-air-icin-beklenti-2029-kaydi\\\/#breadcrumb\"},\"inLanguage\":\"tr\",\"potentialAction\":[{\"@type\":\"ReadAction\",\"target\":[\"https:\\\/\\\/thesubscriber.net\\\/tr\\\/oled-macbook-air-icin-beklenti-2029-kaydi\\\/\"]}]},{\"@type\":\"ImageObject\",\"inLanguage\":\"tr\",\"@id\":\"https:\\\/\\\/thesubscriber.net\\\/tr\\\/oled-macbook-air-icin-beklenti-2029-kaydi\\\/#primaryimage\",\"url\":\"https:\\\/\\\/thesubscriber.net\\\/tr\\\/wp-content\\\/uploads\\\/sites\\\/2\\\/2026\\\/03\\\/OLED-ekranli-MacBook-Air-2.jpg\",\"contentUrl\":\"https:\\\/\\\/thesubscriber.net\\\/tr\\\/wp-content\\\/uploads\\\/sites\\\/2\\\/2026\\\/03\\\/OLED-ekranli-MacBook-Air-2.jpg\",\"width\":1280,\"height\":720},{\"@type\":\"BreadcrumbList\",\"@id\":\"https:\\\/\\\/thesubscriber.net\\\/tr\\\/oled-macbook-air-icin-beklenti-2029-kaydi\\\/#breadcrumb\",\"itemListElement\":[{\"@type\":\"ListItem\",\"position\":1,\"name\":\"Anasayfa\",\"item\":\"https:\\\/\\\/thesubscriber.net\\\/tr\\\/\"},{\"@type\":\"ListItem\",\"position\":2,\"name\":\"OLED MacBook Air i\u00e7in beklenti 2029\u2019a kayd\u0131\"}]},{\"@type\":\"WebSite\",\"@id\":\"https:\\\/\\\/thesubscriber.net\\\/tr\\\/#website\",\"url\":\"https:\\\/\\\/thesubscriber.net\\\/tr\\\/\",\"name\":\"Subscriber\",\"description\":\"\",\"potentialAction\":[{\"@type\":\"SearchAction\",\"target\":{\"@type\":\"EntryPoint\",\"urlTemplate\":\"https:\\\/\\\/thesubscriber.net\\\/tr\\\/?s={search_term_string}\"},\"query-input\":{\"@type\":\"PropertyValueSpecification\",\"valueRequired\":true,\"valueName\":\"search_term_string\"}}],\"inLanguage\":\"tr\"},{\"@type\":\"Person\",\"@id\":\"https:\\\/\\\/thesubscriber.net\\\/tr\\\/#\\\/schema\\\/person\\\/2f06d64f3456d81635b7313665b3db21\",\"name\":\"info@thesubscriber.net\",\"image\":{\"@type\":\"ImageObject\",\"inLanguage\":\"tr\",\"@id\":\"https:\\\/\\\/secure.gravatar.com\\\/avatar\\\/2fdf9473b83df0025565e3e3c5545bc2b1072c42e329f6c9099aa79c00596be8?s=96&d=mm&r=g\",\"url\":\"https:\\\/\\\/secure.gravatar.com\\\/avatar\\\/2fdf9473b83df0025565e3e3c5545bc2b1072c42e329f6c9099aa79c00596be8?s=96&d=mm&r=g\",\"contentUrl\":\"https:\\\/\\\/secure.gravatar.com\\\/avatar\\\/2fdf9473b83df0025565e3e3c5545bc2b1072c42e329f6c9099aa79c00596be8?s=96&d=mm&r=g\",\"caption\":\"info@thesubscriber.net\"},\"sameAs\":[\"http:\\\/\\\/thesubscriber.net\"],\"url\":\"https:\\\/\\\/thesubscriber.net\\\/tr\\\/author\\\/infothesubscriber-net\\\/\"}]}<\/script>\n<!-- \/ Yoast SEO Premium plugin. -->","yoast_head_json":{"title":"OLED MacBook Air i\u00e7in beklenti 2029\u2019a kayd\u0131 - Subscriber","description":"Apple\u2019\u0131n OLED ekran teknolojisini MacBook Air serisine getirme plan\u0131 beklenenden daha ge\u00e7 hayata ge\u00e7ebilir.","robots":{"index":"index","follow":"follow","max-snippet":"max-snippet:-1","max-image-preview":"max-image-preview:large","max-video-preview":"max-video-preview:-1"},"canonical":"https:\/\/thesubscriber.net\/tr\/oled-macbook-air-icin-beklenti-2029-kaydi\/","og_locale":"tr_TR","og_type":"article","og_title":"OLED MacBook Air i\u00e7in beklenti 2029\u2019a kayd\u0131","og_description":"Apple\u2019\u0131n OLED ekran teknolojisini MacBook Air serisine getirme plan\u0131 beklenenden daha ge\u00e7 hayata ge\u00e7ebilir.","og_url":"https:\/\/thesubscriber.net\/tr\/oled-macbook-air-icin-beklenti-2029-kaydi\/","og_site_name":"Subscriber","article_published_time":"2026-03-11T13:33:38+00:00","article_modified_time":"2026-03-11T13:33:39+00:00","og_image":[{"width":1280,"height":720,"url":"https:\/\/thesubscriber.net\/tr\/wp-content\/uploads\/sites\/2\/2026\/03\/OLED-ekranli-MacBook-Air-2.jpg","type":"image\/jpeg"}],"author":"info@thesubscriber.net","twitter_card":"summary_large_image","twitter_misc":{"Yazan:":"info@thesubscriber.net","Tahmini okuma s\u00fcresi":"3 dakika"},"schema":{"@context":"https:\/\/schema.org","@graph":[{"@type":"Article","@id":"https:\/\/thesubscriber.net\/tr\/oled-macbook-air-icin-beklenti-2029-kaydi\/#article","isPartOf":{"@id":"https:\/\/thesubscriber.net\/tr\/oled-macbook-air-icin-beklenti-2029-kaydi\/"},"author":{"name":"info@thesubscriber.net","@id":"https:\/\/thesubscriber.net\/tr\/#\/schema\/person\/2f06d64f3456d81635b7313665b3db21"},"headline":"OLED MacBook Air i\u00e7in beklenti 2029\u2019a kayd\u0131","datePublished":"2026-03-11T13:33:38+00:00","dateModified":"2026-03-11T13:33:39+00:00","mainEntityOfPage":{"@id":"https:\/\/thesubscriber.net\/tr\/oled-macbook-air-icin-beklenti-2029-kaydi\/"},"wordCount":373,"commentCount":0,"image":{"@id":"https:\/\/thesubscriber.net\/tr\/oled-macbook-air-icin-beklenti-2029-kaydi\/#primaryimage"},"thumbnailUrl":"https:\/\/thesubscriber.net\/tr\/wp-content\/uploads\/sites\/2\/2026\/03\/OLED-ekranli-MacBook-Air-2.jpg","keywords":["apple","MacBook Air"],"articleSection":["Bilgisayar","Haberler","Mac","Teknoloji"],"inLanguage":"tr","potentialAction":[{"@type":"CommentAction","name":"Comment","target":["https:\/\/thesubscriber.net\/tr\/oled-macbook-air-icin-beklenti-2029-kaydi\/#respond"]}]},{"@type":"WebPage","@id":"https:\/\/thesubscriber.net\/tr\/oled-macbook-air-icin-beklenti-2029-kaydi\/","url":"https:\/\/thesubscriber.net\/tr\/oled-macbook-air-icin-beklenti-2029-kaydi\/","name":"OLED MacBook Air i\u00e7in beklenti 2029\u2019a kayd\u0131 - Subscriber","isPartOf":{"@id":"https:\/\/thesubscriber.net\/tr\/#website"},"primaryImageOfPage":{"@id":"https:\/\/thesubscriber.net\/tr\/oled-macbook-air-icin-beklenti-2029-kaydi\/#primaryimage"},"image":{"@id":"https:\/\/thesubscriber.net\/tr\/oled-macbook-air-icin-beklenti-2029-kaydi\/#primaryimage"},"thumbnailUrl":"https:\/\/thesubscriber.net\/tr\/wp-content\/uploads\/sites\/2\/2026\/03\/OLED-ekranli-MacBook-Air-2.jpg","datePublished":"2026-03-11T13:33:38+00:00","dateModified":"2026-03-11T13:33:39+00:00","author":{"@id":"https:\/\/thesubscriber.net\/tr\/#\/schema\/person\/2f06d64f3456d81635b7313665b3db21"},"description":"Apple\u2019\u0131n OLED ekran teknolojisini MacBook Air serisine getirme plan\u0131 beklenenden daha ge\u00e7 hayata ge\u00e7ebilir.","breadcrumb":{"@id":"https:\/\/thesubscriber.net\/tr\/oled-macbook-air-icin-beklenti-2029-kaydi\/#breadcrumb"},"inLanguage":"tr","potentialAction":[{"@type":"ReadAction","target":["https:\/\/thesubscriber.net\/tr\/oled-macbook-air-icin-beklenti-2029-kaydi\/"]}]},{"@type":"ImageObject","inLanguage":"tr","@id":"https:\/\/thesubscriber.net\/tr\/oled-macbook-air-icin-beklenti-2029-kaydi\/#primaryimage","url":"https:\/\/thesubscriber.net\/tr\/wp-content\/uploads\/sites\/2\/2026\/03\/OLED-ekranli-MacBook-Air-2.jpg","contentUrl":"https:\/\/thesubscriber.net\/tr\/wp-content\/uploads\/sites\/2\/2026\/03\/OLED-ekranli-MacBook-Air-2.jpg","width":1280,"height":720},{"@type":"BreadcrumbList","@id":"https:\/\/thesubscriber.net\/tr\/oled-macbook-air-icin-beklenti-2029-kaydi\/#breadcrumb","itemListElement":[{"@type":"ListItem","position":1,"name":"Anasayfa","item":"https:\/\/thesubscriber.net\/tr\/"},{"@type":"ListItem","position":2,"name":"OLED MacBook Air i\u00e7in beklenti 2029\u2019a kayd\u0131"}]},{"@type":"WebSite","@id":"https:\/\/thesubscriber.net\/tr\/#website","url":"https:\/\/thesubscriber.net\/tr\/","name":"Subscriber","description":"","potentialAction":[{"@type":"SearchAction","target":{"@type":"EntryPoint","urlTemplate":"https:\/\/thesubscriber.net\/tr\/?s={search_term_string}"},"query-input":{"@type":"PropertyValueSpecification","valueRequired":true,"valueName":"search_term_string"}}],"inLanguage":"tr"},{"@type":"Person","@id":"https:\/\/thesubscriber.net\/tr\/#\/schema\/person\/2f06d64f3456d81635b7313665b3db21","name":"info@thesubscriber.net","image":{"@type":"ImageObject","inLanguage":"tr","@id":"https:\/\/secure.gravatar.com\/avatar\/2fdf9473b83df0025565e3e3c5545bc2b1072c42e329f6c9099aa79c00596be8?s=96&d=mm&r=g","url":"https:\/\/secure.gravatar.com\/avatar\/2fdf9473b83df0025565e3e3c5545bc2b1072c42e329f6c9099aa79c00596be8?s=96&d=mm&r=g","contentUrl":"https:\/\/secure.gravatar.com\/avatar\/2fdf9473b83df0025565e3e3c5545bc2b1072c42e329f6c9099aa79c00596be8?s=96&d=mm&r=g","caption":"info@thesubscriber.net"},"sameAs":["http:\/\/thesubscriber.net"],"url":"https:\/\/thesubscriber.net\/tr\/author\/infothesubscriber-net\/"}]}},"_links":{"self":[{"href":"https:\/\/thesubscriber.net\/tr\/wp-json\/wp\/v2\/posts\/815","targetHints":{"allow":["GET"]}}],"collection":[{"href":"https:\/\/thesubscriber.net\/tr\/wp-json\/wp\/v2\/posts"}],"about":[{"href":"https:\/\/thesubscriber.net\/tr\/wp-json\/wp\/v2\/types\/post"}],"author":[{"embeddable":true,"href":"https:\/\/thesubscriber.net\/tr\/wp-json\/wp\/v2\/users\/1"}],"replies":[{"embeddable":true,"href":"https:\/\/thesubscriber.net\/tr\/wp-json\/wp\/v2\/comments?post=815"}],"version-history":[{"count":2,"href":"https:\/\/thesubscriber.net\/tr\/wp-json\/wp\/v2\/posts\/815\/revisions"}],"predecessor-version":[{"id":819,"href":"https:\/\/thesubscriber.net\/tr\/wp-json\/wp\/v2\/posts\/815\/revisions\/819"}],"wp:featuredmedia":[{"embeddable":true,"href":"https:\/\/thesubscriber.net\/tr\/wp-json\/wp\/v2\/media\/817"}],"wp:attachment":[{"href":"https:\/\/thesubscriber.net\/tr\/wp-json\/wp\/v2\/media?parent=815"}],"wp:term":[{"taxonomy":"category","embeddable":true,"href":"https:\/\/thesubscriber.net\/tr\/wp-json\/wp\/v2\/categories?post=815"},{"taxonomy":"post_tag","embeddable":true,"href":"https:\/\/thesubscriber.net\/tr\/wp-json\/wp\/v2\/tags?post=815"}],"curies":[{"name":"wp","href":"https:\/\/api.w.org\/{rel}","templated":true}]}}